{"id":45834,"date":"2019-07-12T15:14:14","date_gmt":"2019-07-12T19:14:14","guid":{"rendered":"https:\/\/linitiative.ca\/International\/ligue-1-2-mca-belhocini-la-priorite\/"},"modified":"2019-07-12T15:14:14","modified_gmt":"2019-07-12T19:14:14","slug":"ligue-1-2-mca-belhocini-la-priorite","status":"publish","type":"post","link":"https:\/\/linitiative.ca\/International\/ligue-1-2-mca-belhocini-la-priorite\/","title":{"rendered":"Ligue 1 &amp; 2 : MCA: Belhocini, la priorit\u00e9"},"content":{"rendered":"<div readability=\"32\">\n<p>Auteur : <span>T.Che<\/span> <span class=\"time\">vendredi 12 juillet 2019 10:07<\/span><\/p>\n<\/div>\n<div id=\"post_core\" readability=\"52\">\n<p>Convoit\u00e9 par le Mouloudia, Belhocini avait tout conclu avec l\u2019ancien directeur g\u00e9n\u00e9ral. Et malgr\u00e9 le changement op\u00e9r\u00e9 \u00e0 la t\u00eate du club, la nouvelle direction devrait poursuivre sur le m\u00eame chemin avec l\u2019ambition de conclure avec Belhocini dans les prochaines heures surtout que le joueur a une envie folle de se produire sous le maillot vert et rouge. \u00a0<\/p>\n<p><strong>L\u2019USMA et la JSK insistent toujours pour l\u2019enr\u00f4ler<\/strong><br \/>Tr\u00e8s convoit\u00e9, Belhocini est actuellement tr\u00e8s sollicit\u00e9 par l\u2019USMA et la JSK. Les deux \u00e9curies insistent toujours pour recruter le joueur lequel a donn\u00e9 son aval au Mouloudia.\u00a0\u00a0 \u00a0<\/p>\n<p><strong>La piste Gacha abandonn\u00e9e<\/strong><br \/>Par ailleurs, le Mouloudia aurait pris la d\u00e9cision d\u2019abandonner la piste Gacha. Face \u00e0 la complexit\u00e9 du dossier avec une \u00e9quipe de l\u2019ESS qui refuse de c\u00e9der son joueur, il sera tr\u00e8s difficile pour le Doyen de mat\u00e9rialiser ce transfert en question. Aussi, on pr\u00e9f\u00e8re jeter l\u2019\u00e9ponge plut\u00f4t que d\u2019insister sur un dossier qui est vou\u00e9 \u00e0 l\u2019\u00e9chec avec toute la perte de temps que cela engendrerait au Mouloudia.<\/p>\n<p><strong>Publi\u00e9 dans :<\/strong> <span>mca<\/span> <span>Belhocini<\/span> <span>Gacha<\/span><\/p>\n<\/div>\n<p>Auteur:<br \/>\n<a href=\"http:\/\/www.lebuteur.com\/article\/detail?titre=mca-belhocini-la-priorite&#038;id=90281&#038;utm_source=feedburner&#038;utm_medium=feed&#038;utm_campaign=Feed%3A+GalerieFArtciles+%28Les+derniers+articles++-+lebuteur.com%29\">Cliquez ici pour lire l&rsquo;article depuis sa source.<\/a><\/p>\n","protected":false},"excerpt":{"rendered":"<p>Auteur : T.Che vendredi 12 juillet 2019 10:07 Convoit\u00e9 par le Mouloudia, Belhocini avait tout conclu avec l\u2019ancien directeur g\u00e9n\u00e9ral. Et malgr\u00e9 le changement op\u00e9r\u00e9 \u00e0 la t\u00eate du club, la nouvelle direction devrait poursuivre sur le m\u00eame chemin avec l\u2019ambition de conclure avec Belhocini dans les prochaines heures surtout que le joueur a une [&hellip;]<\/p>\n","protected":false},"author":1738,"featured_media":45835,"comment_status":"closed","ping_status":"closed","sticky":false,"template":"","format":"standard","meta":{"fifu_image_url":"","fifu_image_alt":"","footnotes":""},"categories":[53,75],"tags":[],"class_list":["post-45834","post","type-post","status-publish","format-standard","has-post-thumbnail","hentry","category-algerie","category-sport"],"_links":{"self":[{"href":"https:\/\/linitiative.ca\/International\/wp-json\/wp\/v2\/posts\/45834","targetHints":{"allow":["GET"]}}],"collection":[{"href":"https:\/\/linitiative.ca\/International\/wp-json\/wp\/v2\/posts"}],"about":[{"href":"https:\/\/linitiative.ca\/International\/wp-json\/wp\/v2\/types\/post"}],"author":[{"embeddable":true,"href":"https:\/\/linitiative.ca\/International\/wp-json\/wp\/v2\/users\/1738"}],"replies":[{"embeddable":true,"href":"https:\/\/linitiative.ca\/International\/wp-json\/wp\/v2\/comments?post=45834"}],"version-history":[{"count":0,"href":"https:\/\/linitiative.ca\/International\/wp-json\/wp\/v2\/posts\/45834\/revisions"}],"wp:featuredmedia":[{"embeddable":true,"href":"https:\/\/linitiative.ca\/International\/wp-json\/"}],"wp:attachment":[{"href":"https:\/\/linitiative.ca\/International\/wp-json\/wp\/v2\/media?parent=45834"}],"wp:term":[{"taxonomy":"category","embeddable":true,"href":"https:\/\/linitiative.ca\/International\/wp-json\/wp\/v2\/categories?post=45834"},{"taxonomy":"post_tag","embeddable":true,"href":"https:\/\/linitiative.ca\/International\/wp-json\/wp\/v2\/tags?post=45834"}],"curies":[{"name":"wp","href":"https:\/\/api.w.org\/{rel}","templated":true}]}}