{"id":45838,"date":"2019-07-12T15:14:17","date_gmt":"2019-07-12T19:14:17","guid":{"rendered":"https:\/\/linitiative.ca\/International\/international-fc-barcelone-griezmann-latletico-contre-attaque\/"},"modified":"2019-07-12T15:14:17","modified_gmt":"2019-07-12T19:14:17","slug":"international-fc-barcelone-griezmann-latletico-contre-attaque","status":"publish","type":"post","link":"https:\/\/linitiative.ca\/International\/international-fc-barcelone-griezmann-latletico-contre-attaque\/","title":{"rendered":"International : FC Barcelone: Griezmann, l&rsquo;Atletico contre-attaque !"},"content":{"rendered":"<div readability=\"32\">\n<p>Auteur : <span class=\"time\">vendredi 12 juillet 2019 16:57<\/span><\/p>\n<\/div>\n<div id=\"post_core\" readability=\"40\">\n<p>Le FC Barcelone a officialis\u00e9 ce vendredi la signature pour cinq saisons d&rsquo;Antoine Griezmann. Pour autant, l&rsquo;Atletico Madrid n&rsquo;a pas dit son dernier mot dans ce dossier. Dans un communiqu\u00e9, le club madril\u00e8ne annonce avoir lanc\u00e9 des proc\u00e9dures pour la d\u00e9fense de ses droits et int\u00e9r\u00eats l\u00e9gitimes. Les Colchoneros reprochent au Bar\u00e7a d&rsquo;avoir n\u00e9goci\u00e9 avec l&rsquo;attaquant fran\u00e7aise avant le 1er juillet, soit avant le passage de sa clause lib\u00e9ratoire de 200 \u00e0 120 millions d&rsquo;euros. Le vice-champion d&rsquo;Espagne consid\u00e8re donc que le montant pay\u00e9 n&rsquo;est pas suffisant rapporte Maxifoot.fr.<\/p>\n<p><strong>Publi\u00e9 dans :<\/strong> <span>Atl\u00e9tico<\/span> <span>Griezmann<\/span><\/p>\n<\/div>\n<p>Auteur:<br \/>\n<a href=\"http:\/\/www.lebuteur.com\/article\/detail?titre=fc-barcelone-griezmann-latletico-contre-attaque&#038;id=90297&#038;utm_source=feedburner&#038;utm_medium=feed&#038;utm_campaign=Feed%3A+GalerieFArtciles+%28Les+derniers+articles++-+lebuteur.com%29\">Cliquez ici pour lire l&rsquo;article depuis sa source.<\/a><\/p>\n","protected":false},"excerpt":{"rendered":"<p>Auteur : vendredi 12 juillet 2019 16:57 Le FC Barcelone a officialis\u00e9 ce vendredi la signature pour cinq saisons d&rsquo;Antoine Griezmann. Pour autant, l&rsquo;Atletico Madrid n&rsquo;a pas dit son dernier mot dans ce dossier. Dans un communiqu\u00e9, le club madril\u00e8ne annonce avoir lanc\u00e9 des proc\u00e9dures pour la d\u00e9fense de ses droits et int\u00e9r\u00eats l\u00e9gitimes. Les [&hellip;]<\/p>\n","protected":false},"author":1738,"featured_media":45839,"comment_status":"closed","ping_status":"closed","sticky":false,"template":"","format":"standard","meta":{"fifu_image_url":"","fifu_image_alt":"","footnotes":""},"categories":[53,75],"tags":[],"class_list":["post-45838","post","type-post","status-publish","format-standard","has-post-thumbnail","hentry","category-algerie","category-sport"],"_links":{"self":[{"href":"https:\/\/linitiative.ca\/International\/wp-json\/wp\/v2\/posts\/45838","targetHints":{"allow":["GET"]}}],"collection":[{"href":"https:\/\/linitiative.ca\/International\/wp-json\/wp\/v2\/posts"}],"about":[{"href":"https:\/\/linitiative.ca\/International\/wp-json\/wp\/v2\/types\/post"}],"author":[{"embeddable":true,"href":"https:\/\/linitiative.ca\/International\/wp-json\/wp\/v2\/users\/1738"}],"replies":[{"embeddable":true,"href":"https:\/\/linitiative.ca\/International\/wp-json\/wp\/v2\/comments?post=45838"}],"version-history":[{"count":0,"href":"https:\/\/linitiative.ca\/International\/wp-json\/wp\/v2\/posts\/45838\/revisions"}],"wp:featuredmedia":[{"embeddable":true,"href":"https:\/\/linitiative.ca\/International\/wp-json\/"}],"wp:attachment":[{"href":"https:\/\/linitiative.ca\/International\/wp-json\/wp\/v2\/media?parent=45838"}],"wp:term":[{"taxonomy":"category","embeddable":true,"href":"https:\/\/linitiative.ca\/International\/wp-json\/wp\/v2\/categories?post=45838"},{"taxonomy":"post_tag","embeddable":true,"href":"https:\/\/linitiative.ca\/International\/wp-json\/wp\/v2\/tags?post=45838"}],"curies":[{"name":"wp","href":"https:\/\/api.w.org\/{rel}","templated":true}]}}