{"id":45840,"date":"2019-07-12T15:14:18","date_gmt":"2019-07-12T19:14:18","guid":{"rendered":"https:\/\/linitiative.ca\/International\/international-psg-linterview-de-neymar-repoussee-a-lundi\/"},"modified":"2019-07-12T15:14:18","modified_gmt":"2019-07-12T19:14:18","slug":"international-psg-linterview-de-neymar-repoussee-a-lundi","status":"publish","type":"post","link":"https:\/\/linitiative.ca\/International\/international-psg-linterview-de-neymar-repoussee-a-lundi\/","title":{"rendered":"International : PSG: l&rsquo;interview de Neymar repouss\u00e9e \u00e0 lundi"},"content":{"rendered":"<div readability=\"32\">\n<p>Auteur : <span class=\"time\">vendredi 12 juillet 2019 16:58<\/span><\/p>\n<\/div>\n<div id=\"post_core\" readability=\"40\">\n<p>Finalement, il faudra attendre. Initialement programm\u00e9 ce vendredi \u00e0 14h (heure fran\u00e7aise), l&rsquo;entretien de Neymar accord\u00e9 \u00e0 la t\u00e9l\u00e9vision br\u00e9silienne, dans lequel on attendait d&rsquo;\u00e9ventuelles r\u00e9v\u00e9lations sur son avenir, n&rsquo;a pas \u00e9t\u00e9 diffus\u00e9 aujourd&rsquo;hui. Selon L&rsquo;Equipe, la cha\u00eene Band a repouss\u00e9 la diffusion \u00e0 lundi. C&rsquo;est justement ce jour-l\u00e0 qu&rsquo;est pr\u00e9vu le retour de l&rsquo;Auriverde \u00e0 l&rsquo;entra\u00eenement avec le Paris Saint-Germain rapporte Maxifoot.fr.<\/p>\n<p><strong>Publi\u00e9 dans :<\/strong> <span>neymar<\/span><\/p>\n<\/div>\n<p>Auteur:<br \/>\n<a href=\"http:\/\/www.lebuteur.com\/article\/detail?titre=psg-linterview-de-neymar-repoussee-a-lundi&#038;id=90298&#038;utm_source=feedburner&#038;utm_medium=feed&#038;utm_campaign=Feed%3A+GalerieFArtciles+%28Les+derniers+articles++-+lebuteur.com%29\">Cliquez ici pour lire l&rsquo;article depuis sa source.<\/a><\/p>\n","protected":false},"excerpt":{"rendered":"<p>Auteur : vendredi 12 juillet 2019 16:58 Finalement, il faudra attendre. Initialement programm\u00e9 ce vendredi \u00e0 14h (heure fran\u00e7aise), l&rsquo;entretien de Neymar accord\u00e9 \u00e0 la t\u00e9l\u00e9vision br\u00e9silienne, dans lequel on attendait d&rsquo;\u00e9ventuelles r\u00e9v\u00e9lations sur son avenir, n&rsquo;a pas \u00e9t\u00e9 diffus\u00e9 aujourd&rsquo;hui. Selon L&rsquo;Equipe, la cha\u00eene Band a repouss\u00e9 la diffusion \u00e0 lundi. C&rsquo;est justement ce [&hellip;]<\/p>\n","protected":false},"author":1738,"featured_media":45841,"comment_status":"closed","ping_status":"closed","sticky":false,"template":"","format":"standard","meta":{"fifu_image_url":"","fifu_image_alt":"","footnotes":""},"categories":[53,75],"tags":[],"class_list":["post-45840","post","type-post","status-publish","format-standard","has-post-thumbnail","hentry","category-algerie","category-sport"],"_links":{"self":[{"href":"https:\/\/linitiative.ca\/International\/wp-json\/wp\/v2\/posts\/45840","targetHints":{"allow":["GET"]}}],"collection":[{"href":"https:\/\/linitiative.ca\/International\/wp-json\/wp\/v2\/posts"}],"about":[{"href":"https:\/\/linitiative.ca\/International\/wp-json\/wp\/v2\/types\/post"}],"author":[{"embeddable":true,"href":"https:\/\/linitiative.ca\/International\/wp-json\/wp\/v2\/users\/1738"}],"replies":[{"embeddable":true,"href":"https:\/\/linitiative.ca\/International\/wp-json\/wp\/v2\/comments?post=45840"}],"version-history":[{"count":0,"href":"https:\/\/linitiative.ca\/International\/wp-json\/wp\/v2\/posts\/45840\/revisions"}],"wp:featuredmedia":[{"embeddable":true,"href":"https:\/\/linitiative.ca\/International\/wp-json\/"}],"wp:attachment":[{"href":"https:\/\/linitiative.ca\/International\/wp-json\/wp\/v2\/media?parent=45840"}],"wp:term":[{"taxonomy":"category","embeddable":true,"href":"https:\/\/linitiative.ca\/International\/wp-json\/wp\/v2\/categories?post=45840"},{"taxonomy":"post_tag","embeddable":true,"href":"https:\/\/linitiative.ca\/International\/wp-json\/wp\/v2\/tags?post=45840"}],"curies":[{"name":"wp","href":"https:\/\/api.w.org\/{rel}","templated":true}]}}