{"id":45857,"date":"2019-07-12T14:06:50","date_gmt":"2019-07-12T18:06:50","guid":{"rendered":"https:\/\/linitiative.ca\/International\/91843-can-2019-youcef-atal-souffre-d-une-fracture-de-la-clavicule\/"},"modified":"2019-07-12T14:06:50","modified_gmt":"2019-07-12T18:06:50","slug":"91843-can-2019-youcef-atal-souffre-d-une-fracture-de-la-clavicule","status":"publish","type":"post","link":"https:\/\/linitiative.ca\/International\/91843-can-2019-youcef-atal-souffre-d-une-fracture-de-la-clavicule\/","title":{"rendered":"CAN 2019: Youcef Atal souffre d&rsquo;une fracture de la clavicule"},"content":{"rendered":"<div>\n<div class=\"K2FeedIntroText\">\n<p><strong>NICE (France) &#8211; L&rsquo;international alg\u00e9rien de l&rsquo;OGC Nice, Youcef Atal, sorti sur blessure d\u00e8s la 31e minute jeudi en quarts de finale de la Coupe d&rsquo;Afrique des nations contre la C\u00f4te d&rsquo;Ivoire (1-1, 4-3 aux t.a.b.), souffre d&rsquo;une fracture de la clavicule, r\u00e9v\u00e8le Nice-Matin vendredi.<\/strong><\/p>\n<\/div>\n<div class=\"K2FeedFullText\">\n<p>Le lat\u00e9ral alg\u00e9rien (23 ans), qui devrait \u00eatre op\u00e9r\u00e9 prochainement, est forfait pour le reste de la comp\u00e9tition. Il ne participera donc pas \u00e0 la demi-finale contre le Nigeria dimanche (20h0) au Caire, croit savoir le journal, alors que la f\u00e9d\u00e9ration alg\u00e9rienne n&rsquo;a rien communiqu\u00e9 sur la nature de la blessure du joueur.<\/p>\n<p>Pour le remplacer, Djamel Belmadi, le s\u00e9lectionneur national, dispose de Mehdi Zeffane, en fin de contrat avec le Stade Rennais, et de Mohamed Far\u00e8s, le pensionnaire du club italien de la SPAL.<\/p>\n<p>Lors du quarts contre les El\u00e9phants de C\u00f4t\u00e9 d&rsquo;Ivoire, c&rsquo;est Zeffane qui a pris la place de Youcef Attal.<\/p>\n<p>Le s\u00e9lectionneur\u00a0 national tr\u00e8s touch\u00e9 par la blessure de son d\u00e9fenseur, a estim\u00e9 lui aussi que la CAN est presque termin\u00e9 pour le joueur de Nice. \u00ab\u00a0J\u2019ai r\u00e9agi avec Atal qui s\u2019est bless\u00e9 \u00e0 l\u2019\u00e9paule, en le serrant dans mes bras \u00e0 l\u2019issue de la partie, oui j\u2019ai vers\u00e9 des larmes, c\u2019est humain. Je pense qu\u2019on se dirige vers le forfait de Youcef pour le reste du tournoi. Je vais me soustraire \u00e0 l\u2019avis du staff m\u00e9dical mais malheureusement, je pense que c\u2019est fini pour lui\u00a0\u00bb, a affirm\u00e9 Belmadi, en conf\u00e9rence de presse \u00e0 l\u2019issue de la partie.<\/p>\n<\/div>\n<p><img loading=\"lazy\" decoding=\"async\" src=\"http:\/\/feeds.feedburner.com\/~r\/aps-sport\/~4\/EGf7mTDwkSg\" height=\"1\" width=\"1\" alt=\"\"><\/div>\n<p>Auteur:<br \/>\n<a href=\"http:\/\/www.aps.dz\/sport\/91843-can-2019-youcef-atal-souffre-d-une-fracture-de-la-clavicule?utm_source=feedburner&#038;utm_medium=feed&#038;utm_campaign=Feed%3A+aps-sport+%28APS+-+SPORT%29\">Cliquez ici pour lire l&rsquo;article depuis sa source.<\/a><\/p>\n","protected":false},"excerpt":{"rendered":"<p>NICE (France) &#8211; L&rsquo;international alg\u00e9rien de l&rsquo;OGC Nice, Youcef Atal, sorti sur blessure d\u00e8s la 31e minute jeudi en quarts de finale de la Coupe d&rsquo;Afrique des nations contre la C\u00f4te d&rsquo;Ivoire (1-1, 4-3 aux t.a.b.), souffre d&rsquo;une fracture de la clavicule, r\u00e9v\u00e8le Nice-Matin vendredi. Le lat\u00e9ral alg\u00e9rien (23 ans), qui devrait \u00eatre op\u00e9r\u00e9 prochainement, [&hellip;]<\/p>\n","protected":false},"author":1790,"featured_media":0,"comment_status":"closed","ping_status":"closed","sticky":false,"template":"","format":"standard","meta":{"fifu_image_url":"","fifu_image_alt":"","footnotes":""},"categories":[53,75],"tags":[],"class_list":["post-45857","post","type-post","status-publish","format-standard","hentry","category-algerie","category-sport"],"_links":{"self":[{"href":"https:\/\/linitiative.ca\/International\/wp-json\/wp\/v2\/posts\/45857","targetHints":{"allow":["GET"]}}],"collection":[{"href":"https:\/\/linitiative.ca\/International\/wp-json\/wp\/v2\/posts"}],"about":[{"href":"https:\/\/linitiative.ca\/International\/wp-json\/wp\/v2\/types\/post"}],"author":[{"embeddable":true,"href":"https:\/\/linitiative.ca\/International\/wp-json\/wp\/v2\/users\/1790"}],"replies":[{"embeddable":true,"href":"https:\/\/linitiative.ca\/International\/wp-json\/wp\/v2\/comments?post=45857"}],"version-history":[{"count":0,"href":"https:\/\/linitiative.ca\/International\/wp-json\/wp\/v2\/posts\/45857\/revisions"}],"wp:attachment":[{"href":"https:\/\/linitiative.ca\/International\/wp-json\/wp\/v2\/media?parent=45857"}],"wp:term":[{"taxonomy":"category","embeddable":true,"href":"https:\/\/linitiative.ca\/International\/wp-json\/wp\/v2\/categories?post=45857"},{"taxonomy":"post_tag","embeddable":true,"href":"https:\/\/linitiative.ca\/International\/wp-json\/wp\/v2\/tags?post=45857"}],"curies":[{"name":"wp","href":"https:\/\/api.w.org\/{rel}","templated":true}]}}