{"id":45858,"date":"2019-07-12T14:12:48","date_gmt":"2019-07-12T18:12:48","guid":{"rendered":"https:\/\/linitiative.ca\/International\/91844-afrobasket-u16-match-de-classement-l-algerie-termine-a-la-derniere-place\/"},"modified":"2019-07-12T14:12:48","modified_gmt":"2019-07-12T18:12:48","slug":"91844-afrobasket-u16-match-de-classement-l-algerie-termine-a-la-derniere-place","status":"publish","type":"post","link":"https:\/\/linitiative.ca\/International\/91844-afrobasket-u16-match-de-classement-l-algerie-termine-a-la-derniere-place\/","title":{"rendered":"AfroBasket U16 (match de classement): l&rsquo;Alg\u00e9rie termine \u00e0 la derni\u00e8re place"},"content":{"rendered":"<div>\n<div class=\"K2FeedIntroText\">\n<p><strong>PRAIA &#8211; La s\u00e9lection alg\u00e9rienne des moins de 16 ans de basket-ball (U16\/Gar\u00e7ons) a termin\u00e9 \u00e0 la 10e et derni\u00e8re place de l&rsquo;AfroBasket 2019, en s&rsquo;inclinant face \u00e0 son homologue ivoirienne sur le score de 51 \u00e0 63, en match de classement disput\u00e9 vendredi \u00e0 Praia (Cap Vert).<\/strong><\/p>\n<\/div>\n<div class=\"K2FeedFullText\">\n<p>Troisi\u00e8mes lors de la derni\u00e8re \u00e9dition (Maurice-2017), les Alg\u00e9riens concluent la comp\u00e9tition avec un bilan de cinq d\u00e9faites en autant de rencontres. L&rsquo;Alg\u00e9rie s&rsquo;\u00e9tait inclin\u00e9e en phase de poule, respectivement, face au Cap Vert (48-53), l&rsquo;Angola (53-73), l&rsquo;Egypte (51-75) et le Nigeria (64-75).<\/p>\n<p>Pour cette \u00e9dition, les 10 \u00e9quipes participantes \u00e9taient r\u00e9parties en deux groupes de cinq (A et B) qui se sont disput\u00e9es les huit places (4 dans chaque groupe) qualificatives aux quarts de finale.<\/p>\n<p>Le premier quart de final a enregistr\u00e9 la qualification de l&rsquo;Egypte face au Rwanda (78-51). Les autres quarts de finale opposent la Tunisie au Nigeria, l&rsquo;Angola \u00e0 la Guin\u00e9e et le Cap Vert au Mali (tenant).<\/p>\n<p>La finale et le match de classement sont pr\u00e9vus le 14 juillet.<\/p>\n<\/div>\n<p><img loading=\"lazy\" decoding=\"async\" src=\"http:\/\/feeds.feedburner.com\/~r\/aps-sport\/~4\/zOHu5do-Qio\" height=\"1\" width=\"1\" alt=\"\"><\/div>\n<p>Auteur:<br \/>\n<a href=\"http:\/\/www.aps.dz\/sport\/91844-afrobasket-u16-match-de-classement-l-algerie-termine-a-la-derniere-place?utm_source=feedburner&#038;utm_medium=feed&#038;utm_campaign=Feed%3A+aps-sport+%28APS+-+SPORT%29\">Cliquez ici pour lire l&rsquo;article depuis sa source.<\/a><\/p>\n","protected":false},"excerpt":{"rendered":"<p>PRAIA &#8211; La s\u00e9lection alg\u00e9rienne des moins de 16 ans de basket-ball (U16\/Gar\u00e7ons) a termin\u00e9 \u00e0 la 10e et derni\u00e8re place de l&rsquo;AfroBasket 2019, en s&rsquo;inclinant face \u00e0 son homologue ivoirienne sur le score de 51 \u00e0 63, en match de classement disput\u00e9 vendredi \u00e0 Praia (Cap Vert). Troisi\u00e8mes lors de la derni\u00e8re \u00e9dition (Maurice-2017), [&hellip;]<\/p>\n","protected":false},"author":1790,"featured_media":0,"comment_status":"closed","ping_status":"closed","sticky":false,"template":"","format":"standard","meta":{"fifu_image_url":"","fifu_image_alt":"","footnotes":""},"categories":[53,75],"tags":[],"class_list":["post-45858","post","type-post","status-publish","format-standard","hentry","category-algerie","category-sport"],"_links":{"self":[{"href":"https:\/\/linitiative.ca\/International\/wp-json\/wp\/v2\/posts\/45858","targetHints":{"allow":["GET"]}}],"collection":[{"href":"https:\/\/linitiative.ca\/International\/wp-json\/wp\/v2\/posts"}],"about":[{"href":"https:\/\/linitiative.ca\/International\/wp-json\/wp\/v2\/types\/post"}],"author":[{"embeddable":true,"href":"https:\/\/linitiative.ca\/International\/wp-json\/wp\/v2\/users\/1790"}],"replies":[{"embeddable":true,"href":"https:\/\/linitiative.ca\/International\/wp-json\/wp\/v2\/comments?post=45858"}],"version-history":[{"count":0,"href":"https:\/\/linitiative.ca\/International\/wp-json\/wp\/v2\/posts\/45858\/revisions"}],"wp:attachment":[{"href":"https:\/\/linitiative.ca\/International\/wp-json\/wp\/v2\/media?parent=45858"}],"wp:term":[{"taxonomy":"category","embeddable":true,"href":"https:\/\/linitiative.ca\/International\/wp-json\/wp\/v2\/categories?post=45858"},{"taxonomy":"post_tag","embeddable":true,"href":"https:\/\/linitiative.ca\/International\/wp-json\/wp\/v2\/tags?post=45858"}],"curies":[{"name":"wp","href":"https:\/\/api.w.org\/{rel}","templated":true}]}}