{"id":45859,"date":"2019-07-12T14:14:03","date_gmt":"2019-07-12T18:14:03","guid":{"rendered":"https:\/\/linitiative.ca\/International\/91845-can-2019-demi-finale-nigeria-musa-ighalo-et-awaziem-operationnels-contre-l-algerie\/"},"modified":"2019-07-12T14:14:03","modified_gmt":"2019-07-12T18:14:03","slug":"91845-can-2019-demi-finale-nigeria-musa-ighalo-et-awaziem-operationnels-contre-l-algerie","status":"publish","type":"post","link":"https:\/\/linitiative.ca\/International\/91845-can-2019-demi-finale-nigeria-musa-ighalo-et-awaziem-operationnels-contre-l-algerie\/","title":{"rendered":"CAN 2019 (Demi-finale) Nigeria: Musa, Ighalo et Awaziem op\u00e9rationnels contre l&rsquo;Alg\u00e9rie"},"content":{"rendered":"<div>\n<div class=\"K2FeedIntroText\">\n<p><strong>LE CAIRE &#8211; Le trio\u00a0 nig\u00e9rians, Ahmed Musa, Odion Ighalo et Chidozie Awaziem est op\u00e9rationnel pour la demi-finale de la Coupe d&rsquo;Afrique des nations CAN 2019 contre l&rsquo;Alg\u00e9rie pr\u00e9vue dimanche \u00e0 20h0 au stade international du Caire, rapporte la presse locale citant la f\u00e9d\u00e9ration nig\u00e9riane de football (NFA).<\/strong><\/p>\n<\/div>\n<div class=\"K2FeedFullText\">\n<p>\u00ab\u00a0Tout le monde est pr\u00eat pour le match contre l\u2019Alg\u00e9rie\u00a0\u00bb, a d\u00e9clar\u00e9 \u00e0 Completesports.com, le responsable des m\u00e9dias de l&rsquo;\u00e9quipe des Super Eagles.<\/p>\n<p>Les trois joueurs avaient \u00e9t\u00e9 touch\u00e9 lors du quarts de finale contre l&rsquo;Afrique du Sud (2-1) disput\u00e9 mercredi au Caire.<\/p>\n<p>Selon la m\u00eame source, Musa, Igahlo et Awaziem ont re\u00e7u le feu vert pour s&rsquo;entrainer avec le reste du groupe et seront de la partie dimanche soir face \u00e0 l&rsquo;Alg\u00e9rie.<\/p>\n<p>\u00ab\u00a0Nous prions pour ne pas avoir de probl\u00e8mes lors de la derni\u00e8re s\u00e9ance d&rsquo;entrainement samedi, sinon tout le monde est en forme et OK pour le match\u00a0\u00bb.<\/p>\n<p>Le Nigeria s&rsquo;est qualifi\u00e9 pour la demi-finale en battant l&rsquo;Afrique du Sud 2-1, tandis que l&rsquo;Alg\u00e9rie a sorti la C\u00f4te d&rsquo;Ivoire (1-1, 4-3 aux tab). L&rsquo;autre demi-finale mettra aux prises le S\u00e9n\u00e9gal \u00e0 la Tunisie.<\/p>\n<\/div>\n<p><img loading=\"lazy\" decoding=\"async\" src=\"http:\/\/feeds.feedburner.com\/~r\/aps-sport\/~4\/uxQWldD0mBo\" height=\"1\" width=\"1\" alt=\"\"><\/div>\n<p>Auteur:<br \/>\n<a href=\"http:\/\/www.aps.dz\/sport\/91845-can-2019-demi-finale-nigeria-musa-ighalo-et-awaziem-operationnels-contre-l-algerie?utm_source=feedburner&#038;utm_medium=feed&#038;utm_campaign=Feed%3A+aps-sport+%28APS+-+SPORT%29\">Cliquez ici pour lire l&rsquo;article depuis sa source.<\/a><\/p>\n","protected":false},"excerpt":{"rendered":"<p>LE CAIRE &#8211; Le trio\u00a0 nig\u00e9rians, Ahmed Musa, Odion Ighalo et Chidozie Awaziem est op\u00e9rationnel pour la demi-finale de la Coupe d&rsquo;Afrique des nations CAN 2019 contre l&rsquo;Alg\u00e9rie pr\u00e9vue dimanche \u00e0 20h0 au stade international du Caire, rapporte la presse locale citant la f\u00e9d\u00e9ration nig\u00e9riane de football (NFA). \u00ab\u00a0Tout le monde est pr\u00eat pour le [&hellip;]<\/p>\n","protected":false},"author":1790,"featured_media":0,"comment_status":"closed","ping_status":"closed","sticky":false,"template":"","format":"standard","meta":{"fifu_image_url":"","fifu_image_alt":"","footnotes":""},"categories":[53,75],"tags":[],"class_list":["post-45859","post","type-post","status-publish","format-standard","hentry","category-algerie","category-sport"],"_links":{"self":[{"href":"https:\/\/linitiative.ca\/International\/wp-json\/wp\/v2\/posts\/45859","targetHints":{"allow":["GET"]}}],"collection":[{"href":"https:\/\/linitiative.ca\/International\/wp-json\/wp\/v2\/posts"}],"about":[{"href":"https:\/\/linitiative.ca\/International\/wp-json\/wp\/v2\/types\/post"}],"author":[{"embeddable":true,"href":"https:\/\/linitiative.ca\/International\/wp-json\/wp\/v2\/users\/1790"}],"replies":[{"embeddable":true,"href":"https:\/\/linitiative.ca\/International\/wp-json\/wp\/v2\/comments?post=45859"}],"version-history":[{"count":0,"href":"https:\/\/linitiative.ca\/International\/wp-json\/wp\/v2\/posts\/45859\/revisions"}],"wp:attachment":[{"href":"https:\/\/linitiative.ca\/International\/wp-json\/wp\/v2\/media?parent=45859"}],"wp:term":[{"taxonomy":"category","embeddable":true,"href":"https:\/\/linitiative.ca\/International\/wp-json\/wp\/v2\/categories?post=45859"},{"taxonomy":"post_tag","embeddable":true,"href":"https:\/\/linitiative.ca\/International\/wp-json\/wp\/v2\/tags?post=45859"}],"curies":[{"name":"wp","href":"https:\/\/api.w.org\/{rel}","templated":true}]}}