{"id":45865,"date":"2019-07-12T13:07:00","date_gmt":"2019-07-12T17:07:00","guid":{"rendered":"https:\/\/linitiative.ca\/International\/hadj-2019-premier-vol-des-hadjis-le-15-juillet\/"},"modified":"2019-07-12T13:07:00","modified_gmt":"2019-07-12T17:07:00","slug":"hadj-2019-premier-vol-des-hadjis-le-15-juillet","status":"publish","type":"post","link":"https:\/\/linitiative.ca\/International\/hadj-2019-premier-vol-des-hadjis-le-15-juillet\/","title":{"rendered":"HADJ 2019 : Premier vol des hadjis  le 15 juillet"},"content":{"rendered":"<p><br id=\"sep_para_1\" class=\"sep_para access\"\/><\/p>\n<div id=\"para_1\" class=\"para_32133242 resize\">\n<div class=\"texte access firstletter\">Le premier vol des hadjis alg\u00e9riens vers les Lieux saints est programm\u00e9 pour le 15 juillet, a annonc\u00e9 ce jeudi \u00e0 Alger le directeur g\u00e9n\u00e9ral de l&rsquo;Office national du hadj et de la omra (ONHO), Youcef Azzouza. \u00ab\u00a0Le premier vol des hadjis alg\u00e9riens \u00e0 partir de l&rsquo;A\u00e9roport international Houari-Boumediene vers les Lieux saints est programm\u00e9 pour le 15 juillet et il transportera quelque 350 p\u00e8lerins\u00a0\u00bb, a pr\u00e9cis\u00e9 M. Azzouza lors du 3e Congr\u00e8s du p\u00e8lerinage au Palais des expositions (Pins maritimes). Il a appel\u00e9 les hadjis \u00e0 \u00eatre \u00ab\u00a0les meilleurs ambassadeurs de l&rsquo;Alg\u00e9rie, en respectant les lois du pays h\u00f4te et en ayant un comportement exemplaire\u00a0\u00bb. Mettant en avant les efforts consentis par l&rsquo;ONPO pour assurer le succ\u00e8s de cette campagne du hadj, M. Azzouza a rappel\u00e9 les sessions de formation organis\u00e9es au profit des membres de la Mission alg\u00e9rienne du hadj, la caravane du hadj qui a sillonn\u00e9 toutes les wilayas du pays pour expliquer les rites du p\u00e8lerinage et le Salon du hadj. L&rsquo;Alg\u00e9rie accorde un int\u00e9r\u00eat particulier au hadj pour lequel elle mobilise tous les moyens \u00e0 m\u00eame de permettre aux hadjis d&rsquo;accomplir les rites dans les meilleures conditions possibles, a-t-il ajout\u00e9. Les candidats au hadj venus nombreux assist\u00e9s \u00e0 la rencontre ont \u00e9t\u00e9 initi\u00e9s aux diff\u00e9rents rites du p\u00e8lerinage \u00e0 travers des maquettes repr\u00e9sentant la Ka\u00e2ba, Arafat et Mina.\u00a0\u00a0\u00a0\u00a0\u00a0<\/div>\n<\/div>\n<p>Auteur: Nadine<br \/>\n<a href=\"https:\/\/www.reflexiondz.net\/HADJ-2019-Premier-vol-des-hadjis-le-15-juillet_a56543.html\">Cliquez ici pour lire l&rsquo;article depuis sa source.<\/a><\/p>\n","protected":false},"excerpt":{"rendered":"<p>Le premier vol des hadjis alg\u00e9riens vers les Lieux saints est programm\u00e9 pour le 15 juillet, a annonc\u00e9 ce jeudi \u00e0 Alger le directeur g\u00e9n\u00e9ral de l&rsquo;Office national du hadj et de la omra (ONHO), Youcef Azzouza. \u00ab\u00a0Le premier vol des hadjis alg\u00e9riens \u00e0 partir de l&rsquo;A\u00e9roport international Houari-Boumediene vers les Lieux saints est programm\u00e9 [&hellip;]<\/p>\n","protected":false},"author":1740,"featured_media":0,"comment_status":"closed","ping_status":"closed","sticky":false,"template":"","format":"standard","meta":{"fifu_image_url":"","fifu_image_alt":"","footnotes":""},"categories":[53,76],"tags":[],"class_list":["post-45865","post","type-post","status-publish","format-standard","hentry","category-algerie","category-regions"],"_links":{"self":[{"href":"https:\/\/linitiative.ca\/International\/wp-json\/wp\/v2\/posts\/45865","targetHints":{"allow":["GET"]}}],"collection":[{"href":"https:\/\/linitiative.ca\/International\/wp-json\/wp\/v2\/posts"}],"about":[{"href":"https:\/\/linitiative.ca\/International\/wp-json\/wp\/v2\/types\/post"}],"author":[{"embeddable":true,"href":"https:\/\/linitiative.ca\/International\/wp-json\/wp\/v2\/users\/1740"}],"replies":[{"embeddable":true,"href":"https:\/\/linitiative.ca\/International\/wp-json\/wp\/v2\/comments?post=45865"}],"version-history":[{"count":0,"href":"https:\/\/linitiative.ca\/International\/wp-json\/wp\/v2\/posts\/45865\/revisions"}],"wp:attachment":[{"href":"https:\/\/linitiative.ca\/International\/wp-json\/wp\/v2\/media?parent=45865"}],"wp:term":[{"taxonomy":"category","embeddable":true,"href":"https:\/\/linitiative.ca\/International\/wp-json\/wp\/v2\/categories?post=45865"},{"taxonomy":"post_tag","embeddable":true,"href":"https:\/\/linitiative.ca\/International\/wp-json\/wp\/v2\/tags?post=45865"}],"curies":[{"name":"wp","href":"https:\/\/api.w.org\/{rel}","templated":true}]}}