{"id":45866,"date":"2019-07-12T13:07:00","date_gmt":"2019-07-12T17:07:00","guid":{"rendered":"https:\/\/linitiative.ca\/International\/france-un-sans-papiers-algerien-meurt-dune-overdose\/"},"modified":"2019-07-12T13:07:00","modified_gmt":"2019-07-12T17:07:00","slug":"france-un-sans-papiers-algerien-meurt-dune-overdose","status":"publish","type":"post","link":"https:\/\/linitiative.ca\/International\/france-un-sans-papiers-algerien-meurt-dune-overdose\/","title":{"rendered":"FRANCE  : Un sans-papiers alg\u00e9rien meurt d\u2019une overdose"},"content":{"rendered":"<p><br id=\"sep_para_1\" class=\"sep_para access\"\/><\/p>\n<div id=\"para_1\" class=\"para_32133239 resize\">\n<div class=\"texte access firstletter\">Le corps sans vie d\u2019un sans-papiers alg\u00e9rien, \u00e2g\u00e9 de 17 ans, a \u00e9t\u00e9 retrouv\u00e9 ce jeudi, dans une chambre d\u2019h\u00f4tel \u00e0 Genas, dans la banlieue de Lyon. Le mineur alg\u00e9rien est mort d\u2019une overdose alors que son ami a \u00e9t\u00e9 transf\u00e9r\u00e9 en service de r\u00e9animation, rapporte, mardi 9 juillet, le journal fran\u00e7ais \u00ab Lib\u00e9ration \u00bb. Arriv\u00e9 sur le territoire fran\u00e7ais sans titre de s\u00e9jour, le jeune alg\u00e9rien \u00e9tant un \u00ab mineur non accompagn\u00e9 \u00bb (MNA) a \u00e9t\u00e9 plac\u00e9 dans un h\u00f4tel d\u2019accueil de la ville de Lyon, sous la responsabilit\u00e9 de l\u2019Aide sociale \u00e0 l\u2019enfance (ASE), qui prend en charge les mineurs qui arrivent sur le territoire fran\u00e7ais non accompagn\u00e9s par un repr\u00e9sentant l\u00e9gal. Cet incident a relanc\u00e9 en France la pol\u00e9mique sur les conditions d\u2019accueil et d\u2019h\u00e9bergement des \u00ab mineurs non accompagn\u00e9s \u00bb, que les associations de d\u00e9fense des droits des enfants jugent inadapt\u00e9es. Le d\u00e9c\u00e8s du sans-papiers alg\u00e9rien porte \u00e0 quatre le nombre de mineurs non accompagn\u00e9s d\u00e9c\u00e9d\u00e9s, alors qu\u2019ils \u00e9taient plac\u00e9s sous la responsabilit\u00e9 de l\u2019Aide sociale \u00e0 l\u2019enfance (ASE).\u00a0<\/div>\n<\/div>\n<p>Auteur: Smain<br \/>\n<a href=\"https:\/\/www.reflexiondz.net\/FRANCE-Un-sans-papiers-algerien-meurt-d-une-overdose_a56542.html\">Cliquez ici pour lire l&rsquo;article depuis sa source.<\/a><\/p>\n","protected":false},"excerpt":{"rendered":"<p>Le corps sans vie d\u2019un sans-papiers alg\u00e9rien, \u00e2g\u00e9 de 17 ans, a \u00e9t\u00e9 retrouv\u00e9 ce jeudi, dans une chambre d\u2019h\u00f4tel \u00e0 Genas, dans la banlieue de Lyon. Le mineur alg\u00e9rien est mort d\u2019une overdose alors que son ami a \u00e9t\u00e9 transf\u00e9r\u00e9 en service de r\u00e9animation, rapporte, mardi 9 juillet, le journal fran\u00e7ais \u00ab Lib\u00e9ration \u00bb. [&hellip;]<\/p>\n","protected":false},"author":1740,"featured_media":0,"comment_status":"closed","ping_status":"closed","sticky":false,"template":"","format":"standard","meta":{"fifu_image_url":"","fifu_image_alt":"","footnotes":""},"categories":[53,76],"tags":[],"class_list":["post-45866","post","type-post","status-publish","format-standard","hentry","category-algerie","category-regions"],"_links":{"self":[{"href":"https:\/\/linitiative.ca\/International\/wp-json\/wp\/v2\/posts\/45866","targetHints":{"allow":["GET"]}}],"collection":[{"href":"https:\/\/linitiative.ca\/International\/wp-json\/wp\/v2\/posts"}],"about":[{"href":"https:\/\/linitiative.ca\/International\/wp-json\/wp\/v2\/types\/post"}],"author":[{"embeddable":true,"href":"https:\/\/linitiative.ca\/International\/wp-json\/wp\/v2\/users\/1740"}],"replies":[{"embeddable":true,"href":"https:\/\/linitiative.ca\/International\/wp-json\/wp\/v2\/comments?post=45866"}],"version-history":[{"count":0,"href":"https:\/\/linitiative.ca\/International\/wp-json\/wp\/v2\/posts\/45866\/revisions"}],"wp:attachment":[{"href":"https:\/\/linitiative.ca\/International\/wp-json\/wp\/v2\/media?parent=45866"}],"wp:term":[{"taxonomy":"category","embeddable":true,"href":"https:\/\/linitiative.ca\/International\/wp-json\/wp\/v2\/categories?post=45866"},{"taxonomy":"post_tag","embeddable":true,"href":"https:\/\/linitiative.ca\/International\/wp-json\/wp\/v2\/tags?post=45866"}],"curies":[{"name":"wp","href":"https:\/\/api.w.org\/{rel}","templated":true}]}}