{"id":45867,"date":"2019-07-12T13:08:00","date_gmt":"2019-07-12T17:08:00","guid":{"rendered":"https:\/\/linitiative.ca\/International\/des-responsables-rattrapes-par-la-malediction-de-sidi-mokhfi\/"},"modified":"2019-07-12T13:08:00","modified_gmt":"2019-07-12T17:08:00","slug":"des-responsables-rattrapes-par-la-malediction-de-sidi-mokhfi","status":"publish","type":"post","link":"https:\/\/linitiative.ca\/International\/des-responsables-rattrapes-par-la-malediction-de-sidi-mokhfi\/","title":{"rendered":"Des responsables rattrap\u00e9s  par la mal\u00e9diction de sidi Mokhfi"},"content":{"rendered":"<p><br id=\"sep_para_1\" class=\"sep_para access\"\/><\/p>\n<div id=\"para_1\" class=\"para_32133253 resize\">\n<div class=\"photo shadow left\"><img decoding=\"async\" class=\"responsive c9\" src=\"https:\/\/www.reflexiondz.net\/photo\/art\/grande\/35549027-32133253.jpg?v=1562952338\" alt=\"Des responsables rattrap\u00e9s par la mal\u00e9diction de sidi Mokhfi\" title=\"Des responsables rattrap\u00e9s par la mal\u00e9diction de sidi Mokhfi\"\/><img decoding=\"async\" class=\"not-responsive\" src=\"https:\/\/www.reflexiondz.net\/photo\/art\/default\/35549027-32133253.jpg?v=1562952339\" alt=\"Des responsables rattrap\u00e9s par la mal\u00e9diction de sidi Mokhfi\" title=\"Des responsables rattrap\u00e9s par la mal\u00e9diction de sidi Mokhfi\"\/><\/div>\n<div class=\"texte access firstletter\">Moul Firma, qui contemplait, jeudi apr\u00e8s-midi, le djih\u00e2d de l\u2019\u00e9quipe nationale, pour honorer les couleurs nationales, \u00e9tait fascin\u00e9 par leur courage. Aucune comparaison entre ces jeunes et les vieux Ouyahia, Ould Abbes et Haddad qui ont pill\u00e9 le pays !\u00a0\u00a0 Assis devant la t\u00e9l\u00e9, son \u00e9ternelle cigarette aux l\u00e8vres, frottant les mains d&rsquo;un air heureux, son regard fixant son petit calepin, il se souvient de sa derni\u00e8re visite-enqu\u00eate \u00e0 la commune d\u2019Ain Nouissy, et le myst\u00e8re du fant\u00f4me du bain Sidi El Mokhfi. Calepin \u00e0 la main pour relire les derni\u00e8res notes, Moul firma, se souvient de ces centaines de familles qui fr\u00e9quentaient ce bain, pour se barbouiller au sein de ces eaux sulfureuses, si chaudes, qui traitaient surtout les douleurs rhumatismales\u00a0 est malheureusement d\u00e9moli. Ce bain antique \u2018\u2019Hammam Sidi el Mokhfi\u2019\u2019, qui abritait 16 bungalows, deux bains, l&rsquo;un pour les hommes et l&rsquo;autre pour les femmes, une caf\u00e9t\u00e9ria et un parking,\u00a0 n\u2019est plus l\u00e0, il a \u00e9t\u00e9 c\u00e9d\u00e9 au dernier oligarque d\u2019Ain Nouissy qui l\u2019a totalement ras\u00e9. Cette ville d\u2019Ain Nouissy, baptis\u00e9e au nom \u2018\u2019Noisy-les-Bains\u2019\u2019 en 1848, a perdu un patrimoine cher. Cette station thermale qui \u00e9tait sous la coupe de la commune depuis 1970, fut transf\u00e9r\u00e9e sous la bienveillance de l\u2019ancienne wali Zerhouni en 2008 \u00e0 l\u2019\u2019agence fonci\u00e8re de Mostaganem et cette derni\u00e8re, n\u2019a pas tard\u00e9 \u00e0 la c\u00e9der \u00e0 un entrepreneur du FCE de Haddad, sous le slogan de l\u2019investissement, un soi-disant projet de r\u00eave, la r\u00e9alisation d\u2019un complexe touristique thermal. Le nouveau concessionnaire entame la d\u00e9molition du hammam et des 16 bungalows et depuis, rien de nouveau ne semble pointer \u00e0 l\u2019horizon de ce projet ! Moul firma, qui s\u2019est d\u00e9plac\u00e9 sur les lieux, a questionn\u00e9 certains responsables locaux sur les dessous de cette transaction douteuse, et de quel droit ? le nouveau et heureux b\u00e9n\u00e9ficiaire d\u00e9molit des infrastructures communales, et existe \u2013il un permis de d\u00e9molition comme le stipule la loi de l\u2019urbanisme ? Ces derniers, avec un air perturb\u00e9, n\u2019\u00e9taient pas s\u00fbrs de l\u2019existence d\u2019un permis de d\u00e9molition, mais un autre responsable nouvellement install\u00e9, confirme l\u2019existence de ce document !\u00a0 Une r\u00e9ponse qui n\u2019\u00e9tait pas convaincante pour Moul firma, qui lui a r\u00e9pondu depuis quand, l\u2019agence fonci\u00e8re d\u00e9livre un permis de d\u00e9molition ? Un document que seule la commune a la comp\u00e9tence de\u00a0 d\u00e9livrer ! Moul firma, sait que sans le permis de d\u00e9molition, la commune ne peut d\u00e9livrer le permis de construire du Complexe. Une \u00e9nigme enveloppe les proc\u00e9dures administratives de l\u2019octroi de cette station thermale ! comment a-t-elle \u00e9t\u00e9 attribu\u00e9e, qui a autoris\u00e9 la d\u00e9molition, qui a d\u00e9livr\u00e9 le permis de construire et comment ils l\u2019ont pr\u00e9sent\u00e9 \u00e0 l\u2019actuel wali durant sa visite \u00e0 Ain Nouissy comme \u00e9tant un projet phare,\u00a0 alors qu\u2019il traine depuis 2011 ! Une fa\u00e7on pour ces responsables de valider un projet pass\u00e9 sous table et qui devrait faire l\u2019objet d\u2019une enqu\u00eate judiciaire. Au verso de la page de son calepin, Moul firma, met ses lunettes pour d\u00e9chiffrer les petites notes \u00e9crites \u00e0 la h\u00e2te . Oui ? Il s\u2019agit bien d\u2019un autre scandale d\u2019une carri\u00e8re attribu\u00e9e ces derniers temps \u00e0 Ain Nouissy ! Une carri\u00e8re de remblais octroy\u00e9e \u00e0 un heureux acqu\u00e9reur avec la b\u00e9n\u00e9diction des services des travaux publics. Tout va bien sur le PV \u00e9tabli par les concern\u00e9s, dit Moul firma , mais ce qui n\u2019est pas bien, est que cette carri\u00e8re a \u00e9t\u00e9 mentionn\u00e9e comme \u00e9tant une carri\u00e8re compos\u00e9e de tuf sans passer par la formule r\u00e9glementaire ( le labo ),\u00a0 or la carri\u00e8re est compos\u00e9e de remblais ! Les informateurs de Moul Firma, l\u2019ont inform\u00e9, qu\u2019une plainte a \u00e9t\u00e9 adress\u00e9e \u00e0 la justice et qu\u2019une enqu\u00eate sur ce dossier a \u00e9t\u00e9 ouverte et plusieurs responsables sont dans la ligne de mire. Ainsi dira Moul firma, la mal\u00e9diction de Sidi Mokhfi a rattrap\u00e9 les responsables qui l\u2019ont d\u00e9moli.\u00a0 \u2018\u2019On ne peut marcher en regardant les \u00e9toiles lorsqu&rsquo;on a une pierre dans son soulier.\u2019\u2019<\/div>\n<\/div>\n<p>Auteur: R\u00e9flexion<br \/>\n<a href=\"https:\/\/www.reflexiondz.net\/Des-responsables-rattrapes-par-la-malediction-de-sidi-Mokhfi_a56546.html\">Cliquez ici pour lire l&rsquo;article depuis sa source.<\/a><\/p>\n","protected":false},"excerpt":{"rendered":"<p>Moul Firma, qui contemplait, jeudi apr\u00e8s-midi, le djih\u00e2d de l\u2019\u00e9quipe nationale, pour honorer les couleurs nationales, \u00e9tait fascin\u00e9 par leur courage. Aucune comparaison entre ces jeunes et les vieux Ouyahia, Ould Abbes et Haddad qui ont pill\u00e9 le pays !\u00a0\u00a0 Assis devant la t\u00e9l\u00e9, son \u00e9ternelle cigarette aux l\u00e8vres, frottant les mains d&rsquo;un air heureux, [&hellip;]<\/p>\n","protected":false},"author":1740,"featured_media":0,"comment_status":"closed","ping_status":"closed","sticky":false,"template":"","format":"standard","meta":{"fifu_image_url":"","fifu_image_alt":"","footnotes":""},"categories":[53,76],"tags":[],"class_list":["post-45867","post","type-post","status-publish","format-standard","hentry","category-algerie","category-regions"],"_links":{"self":[{"href":"https:\/\/linitiative.ca\/International\/wp-json\/wp\/v2\/posts\/45867","targetHints":{"allow":["GET"]}}],"collection":[{"href":"https:\/\/linitiative.ca\/International\/wp-json\/wp\/v2\/posts"}],"about":[{"href":"https:\/\/linitiative.ca\/International\/wp-json\/wp\/v2\/types\/post"}],"author":[{"embeddable":true,"href":"https:\/\/linitiative.ca\/International\/wp-json\/wp\/v2\/users\/1740"}],"replies":[{"embeddable":true,"href":"https:\/\/linitiative.ca\/International\/wp-json\/wp\/v2\/comments?post=45867"}],"version-history":[{"count":0,"href":"https:\/\/linitiative.ca\/International\/wp-json\/wp\/v2\/posts\/45867\/revisions"}],"wp:attachment":[{"href":"https:\/\/linitiative.ca\/International\/wp-json\/wp\/v2\/media?parent=45867"}],"wp:term":[{"taxonomy":"category","embeddable":true,"href":"https:\/\/linitiative.ca\/International\/wp-json\/wp\/v2\/categories?post=45867"},{"taxonomy":"post_tag","embeddable":true,"href":"https:\/\/linitiative.ca\/International\/wp-json\/wp\/v2\/tags?post=45867"}],"curies":[{"name":"wp","href":"https:\/\/api.w.org\/{rel}","templated":true}]}}