{"id":45871,"date":"2019-07-12T17:04:28","date_gmt":"2019-07-12T21:04:28","guid":{"rendered":"https:\/\/linitiative.ca\/International\/negociations-tunisie-union-europeenne-sur-laleca-ni-suspension-ni-acceleration\/"},"modified":"2019-07-12T17:04:28","modified_gmt":"2019-07-12T21:04:28","slug":"negociations-tunisie-union-europeenne-sur-laleca-ni-suspension-ni-acceleration","status":"publish","type":"post","link":"https:\/\/linitiative.ca\/International\/negociations-tunisie-union-europeenne-sur-laleca-ni-suspension-ni-acceleration\/","title":{"rendered":"N\u00e9gociations Tunisie &#8211; Union europ\u00e9enne sur l\u2019Aleca : ni suspension, ni acc\u00e9l\u00e9ration&#8230;"},"content":{"rendered":"<div readability=\"43\">\n<p>\u00ab Le processus de n\u00e9gociation engag\u00e9 par la Tunisie et l\u2019Union europ\u00e9enne sur le projet d\u2019accord de libre-\u00e9change complet et approfondi (ALECA) se poursuit \u00e0 son juste rythme, selon la cadence et les d\u00e9lais convenus par les deux parties \u00bb. C\u2019est ce qu\u2019affirme \u00e0 <em><span class=\"c2\"><strong>Leaders<\/strong><\/span><\/em> une source bien inform\u00e9e, suite \u00e0 diverses rumeurs et d\u00e9clarations de presse \u00e0 ce sujet.\u00a0<\/p>\n<p>\u00ab La Tunisie demeure attach\u00e9e aux trois principes devant servir de fondements de l\u2019accord projet\u00e9, \u00e0 savoir l&rsquo;asym\u00e9trie, la progressivit\u00e9 et l\u2019accompagnement \u00bb, ajoute la m\u00eame source.<\/p>\n<\/div>\n<div readability=\"10.5\">\n<div class=\"col-xs-2 col-sm-2 col-md-1 col-lg-1\"><img decoding=\"async\" src=\"\/images\/front\/img_commentaire.png\" alt=\"\"\/><\/div>\n<div class=\"col-xs-10 col-sm-10 col-md-11 col-lg-11\" readability=\"16\">\n<p><strong>R kossai<\/strong> &#8211; 12-07-2019 07:02<\/p>\n<p>Surtout il faut faire les choses avec munitie et comp\u00e9tence, cet accord nous conduit \u00e0 \u00eatre purement commercial et nous am\u00e8ne directement devant le fait accompli, aux m\u00eames conditions qu&rsquo;un pays de l&rsquo;union europ\u00e9enne. Sauf que lorsqu&rsquo;un pays europ\u00e9en est admis \u00e0 l&rsquo;Europe, il y a une mise \u00e0 niveau qui s&rsquo;accompagne par un versement d&rsquo;argent collosal au pays candidat \u00e0 l&rsquo;entr\u00e9e. De plus il y a libre circulation des personnes. Je ne connais pas les dessous de cet accord et c&rsquo;est le travail des m\u00e9dias de nous \u00e9clairer encore plus et par secteur. YC est mal plac\u00e9 \u00e0 l&rsquo;\u00e9tat actuel des choses politiques pour signer un accord qui engage le pays vers l&rsquo;inconnu, \u00e9lection oblige.<\/p>\n<\/div>\n<\/div>\n<p>Auteur:<br \/>\n<a href=\"https:\/\/www.leaders.com.tn\/article\/27485-negociations-tunisie-union-europeenne-sur-l-aleca-ni-suspension-ni-acceleration\">Cliquez ici pour lire l&rsquo;article depuis sa source.<\/a><\/p>\n","protected":false},"excerpt":{"rendered":"<p>\u00ab Le processus de n\u00e9gociation engag\u00e9 par la Tunisie et l\u2019Union europ\u00e9enne sur le projet d\u2019accord de libre-\u00e9change complet et approfondi (ALECA) se poursuit \u00e0 son juste rythme, selon la cadence et les d\u00e9lais convenus par les deux parties \u00bb. C\u2019est ce qu\u2019affirme \u00e0 Leaders une source bien inform\u00e9e, suite \u00e0 diverses rumeurs et d\u00e9clarations [&hellip;]<\/p>\n","protected":false},"author":1772,"featured_media":45872,"comment_status":"closed","ping_status":"closed","sticky":false,"template":"","format":"standard","meta":{"fifu_image_url":"","fifu_image_alt":"","footnotes":""},"categories":[73,55],"tags":[],"class_list":["post-45871","post","type-post","status-publish","format-standard","has-post-thumbnail","hentry","category-actualite","category-tunisie"],"_links":{"self":[{"href":"https:\/\/linitiative.ca\/International\/wp-json\/wp\/v2\/posts\/45871","targetHints":{"allow":["GET"]}}],"collection":[{"href":"https:\/\/linitiative.ca\/International\/wp-json\/wp\/v2\/posts"}],"about":[{"href":"https:\/\/linitiative.ca\/International\/wp-json\/wp\/v2\/types\/post"}],"author":[{"embeddable":true,"href":"https:\/\/linitiative.ca\/International\/wp-json\/wp\/v2\/users\/1772"}],"replies":[{"embeddable":true,"href":"https:\/\/linitiative.ca\/International\/wp-json\/wp\/v2\/comments?post=45871"}],"version-history":[{"count":0,"href":"https:\/\/linitiative.ca\/International\/wp-json\/wp\/v2\/posts\/45871\/revisions"}],"wp:featuredmedia":[{"embeddable":true,"href":"https:\/\/linitiative.ca\/International\/wp-json\/"}],"wp:attachment":[{"href":"https:\/\/linitiative.ca\/International\/wp-json\/wp\/v2\/media?parent=45871"}],"wp:term":[{"taxonomy":"category","embeddable":true,"href":"https:\/\/linitiative.ca\/International\/wp-json\/wp\/v2\/categories?post=45871"},{"taxonomy":"post_tag","embeddable":true,"href":"https:\/\/linitiative.ca\/International\/wp-json\/wp\/v2\/tags?post=45871"}],"curies":[{"name":"wp","href":"https:\/\/api.w.org\/{rel}","templated":true}]}}