{"id":45873,"date":"2019-07-12T17:04:34","date_gmt":"2019-07-12T21:04:34","guid":{"rendered":"https:\/\/linitiative.ca\/International\/negociations-sociales-dans-la-fonction-publique-faire-beneficier-les-competences-tunisiennes-daugmentations-pour-les-retenir\/"},"modified":"2019-07-12T17:04:34","modified_gmt":"2019-07-12T21:04:34","slug":"negociations-sociales-dans-la-fonction-publique-faire-beneficier-les-competences-tunisiennes-daugmentations-pour-les-retenir","status":"publish","type":"post","link":"https:\/\/linitiative.ca\/International\/negociations-sociales-dans-la-fonction-publique-faire-beneficier-les-competences-tunisiennes-daugmentations-pour-les-retenir\/","title":{"rendered":"N\u00e9gociations sociales dans la fonction publique : faire b\u00e9n\u00e9ficier Les comp\u00e9tences tunisiennes d&rsquo;augmentations pour les retenir"},"content":{"rendered":"<p>\u00abIl faut retenir nos \u00e9lites\u00bb. C\u2019est le mot d\u2019ordre lanc\u00e9 par l\u2019Ugtt.Il donne le ton aux n\u00e9gociations sociales dans la fonction publique qui ont d\u00e9marr\u00e9 ce jeudi \u00e0 la Kasbah. Il s\u2019agit de la 3e tranche des augmentations salariales qui concerne les ing\u00e9nieurs, professeurs universitaires et m\u00e9decins hospitalo-universitaires dont la d\u00e9gradation du pouvoir d\u2019achat a entra\u00een\u00e9 une fuite de cerveaux d\u2019une ampleur sans pr\u00e9c\u00e9dent.<\/p>\n<p>Le secr\u00e9taire g\u00e9n\u00e9ral\u00a0 de l\u2019Ugtt s\u2019est dit pour une fois optimiste quant \u00e0 l\u2019issue des n\u00e9gociations. \u00ab Elles pourraient m\u00eame se terminer avant les d\u00e9lais pr\u00e9vus \u00bb a d\u00e9clar\u00e9 Noureddine Taboubi.<\/p>\n<p>Auteur:<br \/>\n<a href=\"https:\/\/www.leaders.com.tn\/article\/27486-les-competences-tunisiennes-vont-beneficier-d-augmentations-pour-les-retenir\">Cliquez ici pour lire l&rsquo;article depuis sa source.<\/a><\/p>\n","protected":false},"excerpt":{"rendered":"<p>\u00abIl faut retenir nos \u00e9lites\u00bb. C\u2019est le mot d\u2019ordre lanc\u00e9 par l\u2019Ugtt.Il donne le ton aux n\u00e9gociations sociales dans la fonction publique qui ont d\u00e9marr\u00e9 ce jeudi \u00e0 la Kasbah. Il s\u2019agit de la 3e tranche des augmentations salariales qui concerne les ing\u00e9nieurs, professeurs universitaires et m\u00e9decins hospitalo-universitaires dont la d\u00e9gradation du pouvoir d\u2019achat a [&hellip;]<\/p>\n","protected":false},"author":1772,"featured_media":0,"comment_status":"closed","ping_status":"closed","sticky":false,"template":"","format":"standard","meta":{"fifu_image_url":"","fifu_image_alt":"","footnotes":""},"categories":[73,55],"tags":[],"class_list":["post-45873","post","type-post","status-publish","format-standard","hentry","category-actualite","category-tunisie"],"_links":{"self":[{"href":"https:\/\/linitiative.ca\/International\/wp-json\/wp\/v2\/posts\/45873","targetHints":{"allow":["GET"]}}],"collection":[{"href":"https:\/\/linitiative.ca\/International\/wp-json\/wp\/v2\/posts"}],"about":[{"href":"https:\/\/linitiative.ca\/International\/wp-json\/wp\/v2\/types\/post"}],"author":[{"embeddable":true,"href":"https:\/\/linitiative.ca\/International\/wp-json\/wp\/v2\/users\/1772"}],"replies":[{"embeddable":true,"href":"https:\/\/linitiative.ca\/International\/wp-json\/wp\/v2\/comments?post=45873"}],"version-history":[{"count":0,"href":"https:\/\/linitiative.ca\/International\/wp-json\/wp\/v2\/posts\/45873\/revisions"}],"wp:attachment":[{"href":"https:\/\/linitiative.ca\/International\/wp-json\/wp\/v2\/media?parent=45873"}],"wp:term":[{"taxonomy":"category","embeddable":true,"href":"https:\/\/linitiative.ca\/International\/wp-json\/wp\/v2\/categories?post=45873"},{"taxonomy":"post_tag","embeddable":true,"href":"https:\/\/linitiative.ca\/International\/wp-json\/wp\/v2\/tags?post=45873"}],"curies":[{"name":"wp","href":"https:\/\/api.w.org\/{rel}","templated":true}]}}