{"id":45895,"date":"2019-07-12T08:54:35","date_gmt":"2019-07-12T12:54:35","guid":{"rendered":"https:\/\/linitiative.ca\/International\/tunisie-photos-un-deces-et-trois-blesses-dans-un-accident-de-la-route-a-jendouba\/"},"modified":"2019-07-12T08:54:35","modified_gmt":"2019-07-12T12:54:35","slug":"tunisie-photos-un-deces-et-trois-blesses-dans-un-accident-de-la-route-a-jendouba","status":"publish","type":"post","link":"https:\/\/linitiative.ca\/International\/tunisie-photos-un-deces-et-trois-blesses-dans-un-accident-de-la-route-a-jendouba\/","title":{"rendered":"Tunisie [Photos]: Un d\u00e9c\u00e8s et trois bless\u00e9s dans un accident de la route \u00e0 Jendouba"},"content":{"rendered":"<div class=\"post-cont-in left relative\">\n<div class=\"swp_social_panel swp_horizontal_panel swp_flat_fresh swp_default_full_color swp_individual_full_color swp_other_full_color scale-100 scale-\" data-min-width=\"1100\" data-float-color=\"#ffffff\" data-float=\"none\" data-float-mobile=\"none\" data-transition=\"slide\">\n<div class=\"nc_tweetContainer swp_share_button total_shares total_sharesalt\"><span class=\"swp_count\">55 <span class=\"swp_label\">Partages<\/span><\/span><\/div>\n<\/div>\n<p>Un accident de la route, a tu\u00e9 une personne et en a bless\u00e9 trois autres vendredi, au km 3 sur la route nationale num\u00e9ro 6, du c\u00f4t\u00e9 est de l\u2019entr\u00e9e de la ville de Jendouba.<\/p>\n<p>C\u2019est une collision entre une voiture l\u00e9g\u00e8re et un camion, a indiqu\u00e9 une source de la protection civile, pr\u00e9cisant que quatre bless\u00e9s ont \u00e9t\u00e9 emmen\u00e9s par les unit\u00e9s de la protection civile \u00e0 l\u2019h\u00f4pital r\u00e9gional de Jendouba.<\/p>\n<div class=\"code-block code-block-1 c3\"><ins class=\"adsbygoogle c2\" data-ad-layout=\"in-article\" data-ad-format=\"fluid\" data-ad-client=\"ca-pub-2102118777505746\" data-ad-slot=\"7301775417\"\/> <\/div>\n<p>Selon une source m\u00e9dicale, l\u2019un des bless\u00e9s a succomb\u00e9 \u00e0 ses blessures.<\/p>\n<section class=\"post-gallery-wrap left relative\">\n<\/section>\n<div class=\"mvp-org-wrap mvp-org-logo\" itemprop=\"publisher\" itemscope=\"\" itemtype=\"https:\/\/schema.org\/Organization\"><img decoding=\"async\" src=\"https:\/\/www.tunisienumerique.com\/wp-content\/uploads\/2017\/02\/logo_tunisie_numerique.png\"\/><\/div>\n<div class=\"swp_social_panel swp_horizontal_panel swp_flat_fresh swp_default_full_color swp_individual_full_color swp_other_full_color scale-100 scale-\" data-min-width=\"1100\" data-float-color=\"#ffffff\" data-float=\"none\" data-float-mobile=\"none\" data-transition=\"slide\">\n<div class=\"nc_tweetContainer swp_share_button total_shares total_sharesalt\"><span class=\"swp_count\">55 <span class=\"swp_label\">Partages<\/span><\/span><\/div>\n<\/div>\n<div class=\"mvp-related-posts left relative\">\n<h4 class=\"post-header\"><span class=\"post-header\">Lire aussi<\/span><\/h4>\n<\/div>\n<\/div>\n<p>Auteur: Mourad S<br \/>\n<a href=\"https:\/\/www.tunisienumerique.com\/tunisie-photos-un-deces-et-trois-blesses-dans-un-accident-de-la-route-a-jendouba\/\">Cliquez ici pour lire l&rsquo;article depuis sa source.<\/a><\/p>\n","protected":false},"excerpt":{"rendered":"<p>55 Partages Un accident de la route, a tu\u00e9 une personne et en a bless\u00e9 trois autres vendredi, au km 3 sur la route nationale num\u00e9ro 6, du c\u00f4t\u00e9 est de l\u2019entr\u00e9e de la ville de Jendouba. C\u2019est une collision entre une voiture l\u00e9g\u00e8re et un camion, a indiqu\u00e9 une source de la protection civile, [&hellip;]<\/p>\n","protected":false},"author":1789,"featured_media":45896,"comment_status":"closed","ping_status":"closed","sticky":false,"template":"","format":"standard","meta":{"fifu_image_url":"","fifu_image_alt":"","footnotes":""},"categories":[73,55],"tags":[],"class_list":["post-45895","post","type-post","status-publish","format-standard","has-post-thumbnail","hentry","category-actualite","category-tunisie"],"_links":{"self":[{"href":"https:\/\/linitiative.ca\/International\/wp-json\/wp\/v2\/posts\/45895","targetHints":{"allow":["GET"]}}],"collection":[{"href":"https:\/\/linitiative.ca\/International\/wp-json\/wp\/v2\/posts"}],"about":[{"href":"https:\/\/linitiative.ca\/International\/wp-json\/wp\/v2\/types\/post"}],"author":[{"embeddable":true,"href":"https:\/\/linitiative.ca\/International\/wp-json\/wp\/v2\/users\/1789"}],"replies":[{"embeddable":true,"href":"https:\/\/linitiative.ca\/International\/wp-json\/wp\/v2\/comments?post=45895"}],"version-history":[{"count":0,"href":"https:\/\/linitiative.ca\/International\/wp-json\/wp\/v2\/posts\/45895\/revisions"}],"wp:featuredmedia":[{"embeddable":true,"href":"https:\/\/linitiative.ca\/International\/wp-json\/"}],"wp:attachment":[{"href":"https:\/\/linitiative.ca\/International\/wp-json\/wp\/v2\/media?parent=45895"}],"wp:term":[{"taxonomy":"category","embeddable":true,"href":"https:\/\/linitiative.ca\/International\/wp-json\/wp\/v2\/categories?post=45895"},{"taxonomy":"post_tag","embeddable":true,"href":"https:\/\/linitiative.ca\/International\/wp-json\/wp\/v2\/tags?post=45895"}],"curies":[{"name":"wp","href":"https:\/\/api.w.org\/{rel}","templated":true}]}}