{"id":45897,"date":"2019-07-12T09:53:16","date_gmt":"2019-07-12T13:53:16","guid":{"rendered":"https:\/\/linitiative.ca\/International\/tunisie-walid-jalled-explique-les-raisons-de-lechec-de-lelection-de-membres-de-la-cour-constitutionnelle\/"},"modified":"2019-07-12T09:53:16","modified_gmt":"2019-07-12T13:53:16","slug":"tunisie-walid-jalled-explique-les-raisons-de-lechec-de-lelection-de-membres-de-la-cour-constitutionnelle","status":"publish","type":"post","link":"https:\/\/linitiative.ca\/International\/tunisie-walid-jalled-explique-les-raisons-de-lechec-de-lelection-de-membres-de-la-cour-constitutionnelle\/","title":{"rendered":"Tunisie: Walid Jalled explique les raisons de l\u2019\u00e9chec de l\u2019\u00e9lection de membres de la Cour constitutionnelle"},"content":{"rendered":"<div class=\"post-cont-in left relative\">\n<div class=\"swp_social_panel swp_horizontal_panel swp_flat_fresh swp_default_full_color swp_individual_full_color swp_other_full_color scale-100 scale-\" data-min-width=\"1100\" data-float-color=\"#ffffff\" data-float=\"none\" data-float-mobile=\"none\" data-transition=\"slide\">\n<div class=\"nc_tweetContainer swp_share_button total_shares total_sharesalt\"><span class=\"swp_count\">27 <span class=\"swp_label\">Partages<\/span><\/span><\/div>\n<\/div>\n<p>\u201cLes conflits politiques et id\u00e9ologiques sont \u00e0 l\u2019origine du rejet des candidats \u00e0 la Cour constitutionnelle\u201d, a d\u00e9clar\u00e9 vendredi, le dirigeant au sein du mouvement Tahya Tounes et d\u00e9put\u00e9 au Parlement pour la Coalition nationale, Walid Jellad.<\/p>\n<p>Il a expliqu\u00e9 que ces conflits ont entra\u00een\u00e9 le rejet d\u2019Ayachi Hammami, d\u2019Abdelatif Bouazzi et de Kaanich.<\/p>\n<div class=\"code-block code-block-1 c3\"><ins class=\"adsbygoogle c2\" data-ad-layout=\"in-article\" data-ad-format=\"fluid\" data-ad-client=\"ca-pub-2102118777505746\" data-ad-slot=\"7301775417\"\/> <\/div>\n<p>Jellad a soulign\u00e9 que personne ne doute de l\u2019efficacit\u00e9 des candidats.<\/p>\n<p>Il a soulign\u00e9 que tous les membres de l\u2019Assembl\u00e9e des repr\u00e9sentants du peuple ont vot\u00e9 bien qu\u2019ils soient convaincus que personne ne sera \u00e9lu, pr\u00e9cisant qu\u2019ils l\u2019ont fait pour la forme.<\/p>\n<p>Jellad a soulign\u00e9 qu\u2019aucune solution ne peut \u00eatre trouv\u00e9e\u00a0pour \u00e9lire les membres\u00a0de la Cour constitutionnelle sans un consensus entre les blocs parlementaire.<\/p>\n<div class=\"mvp-org-wrap mvp-org-logo\" itemprop=\"publisher\" itemscope=\"\" itemtype=\"https:\/\/schema.org\/Organization\"><img decoding=\"async\" src=\"https:\/\/www.tunisienumerique.com\/wp-content\/uploads\/2017\/02\/logo_tunisie_numerique.png\"\/><\/div>\n<div class=\"swp_social_panel swp_horizontal_panel swp_flat_fresh swp_default_full_color swp_individual_full_color swp_other_full_color scale-100 scale-\" data-min-width=\"1100\" data-float-color=\"#ffffff\" data-float=\"none\" data-float-mobile=\"none\" data-transition=\"slide\">\n<div class=\"nc_tweetContainer swp_share_button total_shares total_sharesalt\"><span class=\"swp_count\">27 <span class=\"swp_label\">Partages<\/span><\/span><\/div>\n<\/div>\n<div class=\"mvp-related-posts left relative\">\n<h4 class=\"post-header\"><span class=\"post-header\">Lire aussi<\/span><\/h4>\n<\/div>\n<\/div>\n<p>Auteur: Mourad S<br \/>\n<a href=\"https:\/\/www.tunisienumerique.com\/tunisie-walid-jalled-explique-les-raisons-de-lechec-de-lelection-de-membres-de-la-cour-constitutionnelle\/\">Cliquez ici pour lire l&rsquo;article depuis sa source.<\/a><\/p>\n","protected":false},"excerpt":{"rendered":"<p>27 Partages \u201cLes conflits politiques et id\u00e9ologiques sont \u00e0 l\u2019origine du rejet des candidats \u00e0 la Cour constitutionnelle\u201d, a d\u00e9clar\u00e9 vendredi, le dirigeant au sein du mouvement Tahya Tounes et d\u00e9put\u00e9 au Parlement pour la Coalition nationale, Walid Jellad. Il a expliqu\u00e9 que ces conflits ont entra\u00een\u00e9 le rejet d\u2019Ayachi Hammami, d\u2019Abdelatif Bouazzi et de [&hellip;]<\/p>\n","protected":false},"author":1789,"featured_media":45898,"comment_status":"closed","ping_status":"closed","sticky":false,"template":"","format":"standard","meta":{"fifu_image_url":"","fifu_image_alt":"","footnotes":""},"categories":[73,55],"tags":[],"class_list":["post-45897","post","type-post","status-publish","format-standard","has-post-thumbnail","hentry","category-actualite","category-tunisie"],"_links":{"self":[{"href":"https:\/\/linitiative.ca\/International\/wp-json\/wp\/v2\/posts\/45897","targetHints":{"allow":["GET"]}}],"collection":[{"href":"https:\/\/linitiative.ca\/International\/wp-json\/wp\/v2\/posts"}],"about":[{"href":"https:\/\/linitiative.ca\/International\/wp-json\/wp\/v2\/types\/post"}],"author":[{"embeddable":true,"href":"https:\/\/linitiative.ca\/International\/wp-json\/wp\/v2\/users\/1789"}],"replies":[{"embeddable":true,"href":"https:\/\/linitiative.ca\/International\/wp-json\/wp\/v2\/comments?post=45897"}],"version-history":[{"count":0,"href":"https:\/\/linitiative.ca\/International\/wp-json\/wp\/v2\/posts\/45897\/revisions"}],"wp:featuredmedia":[{"embeddable":true,"href":"https:\/\/linitiative.ca\/International\/wp-json\/"}],"wp:attachment":[{"href":"https:\/\/linitiative.ca\/International\/wp-json\/wp\/v2\/media?parent=45897"}],"wp:term":[{"taxonomy":"category","embeddable":true,"href":"https:\/\/linitiative.ca\/International\/wp-json\/wp\/v2\/categories?post=45897"},{"taxonomy":"post_tag","embeddable":true,"href":"https:\/\/linitiative.ca\/International\/wp-json\/wp\/v2\/tags?post=45897"}],"curies":[{"name":"wp","href":"https:\/\/api.w.org\/{rel}","templated":true}]}}