{"id":45903,"date":"2019-07-12T12:32:45","date_gmt":"2019-07-12T16:32:45","guid":{"rendered":"https:\/\/linitiative.ca\/International\/tunisie-enorme-incendie-dans-lusine-de-tubes-de-canalisations-a-sidi-el-heni\/"},"modified":"2019-07-12T12:32:45","modified_gmt":"2019-07-12T16:32:45","slug":"tunisie-enorme-incendie-dans-lusine-de-tubes-de-canalisations-a-sidi-el-heni","status":"publish","type":"post","link":"https:\/\/linitiative.ca\/International\/tunisie-enorme-incendie-dans-lusine-de-tubes-de-canalisations-a-sidi-el-heni\/","title":{"rendered":"Tunisie \u2013 Enorme incendie dans l\u2019usine de tubes de canalisations \u00e0 Sidi El Heni"},"content":{"rendered":"<div class=\"post-cont-in left relative\">\n<div class=\"swp_social_panel swp_horizontal_panel swp_flat_fresh swp_default_full_color swp_individual_full_color swp_other_full_color scale-100 scale-\" data-min-width=\"1100\" data-float-color=\"#ffffff\" data-float=\"none\" data-float-mobile=\"none\" data-transition=\"slide\">\n<div class=\"nc_tweetContainer swp_share_button total_shares total_sharesalt\"><span class=\"swp_count\">112 <span class=\"swp_label\">Partages<\/span><\/span><\/div>\n<\/div>\n<p>La correspondante de Tunisienumerique \u00e0 Sousse, a d\u00e9clar\u00e9 qu\u2019un \u00e9norme incendie s\u2019est d\u00e9clar\u00e9 ce vendredi apr\u00e8s midi, dans une usine de fabrication de tubes de canalisations, \u00e0 Sidi el Heni.<\/p>\n<p>Elle a ajout\u00e9 que d\u2019\u00e9normes renforts de la protection civile sont en train de converger vers le lieu du sinistre, pour tenter de le circonscrire.<\/p>\n<div class=\"code-block code-block-1 c3\"><ins class=\"adsbygoogle c2\" data-ad-layout=\"in-article\" data-ad-format=\"fluid\" data-ad-client=\"ca-pub-2102118777505746\" data-ad-slot=\"7301775417\"\/> <\/div>\n<div class=\"mvp-org-wrap mvp-org-logo\" itemprop=\"publisher\" itemscope=\"\" itemtype=\"https:\/\/schema.org\/Organization\"><img decoding=\"async\" src=\"https:\/\/www.tunisienumerique.com\/wp-content\/uploads\/2017\/02\/logo_tunisie_numerique.png\"\/><\/div>\n<div class=\"swp_social_panel swp_horizontal_panel swp_flat_fresh swp_default_full_color swp_individual_full_color swp_other_full_color scale-100 scale-\" data-min-width=\"1100\" data-float-color=\"#ffffff\" data-float=\"none\" data-float-mobile=\"none\" data-transition=\"slide\">\n<div class=\"nc_tweetContainer swp_share_button total_shares total_sharesalt\"><span class=\"swp_count\">112 <span class=\"swp_label\">Partages<\/span><\/span><\/div>\n<\/div>\n<div class=\"mvp-related-posts left relative\">\n<h4 class=\"post-header\"><span class=\"post-header\">Lire aussi<\/span><\/h4>\n<\/div>\n<\/div>\n<p>Auteur: LM<br \/>\n<a href=\"https:\/\/www.tunisienumerique.com\/tunisie-enorme-incendie-dans-lusine-de-tubes-de-canalisations-a-sidi-el-heni\/\">Cliquez ici pour lire l&rsquo;article depuis sa source.<\/a><\/p>\n","protected":false},"excerpt":{"rendered":"<p>112 Partages La correspondante de Tunisienumerique \u00e0 Sousse, a d\u00e9clar\u00e9 qu\u2019un \u00e9norme incendie s\u2019est d\u00e9clar\u00e9 ce vendredi apr\u00e8s midi, dans une usine de fabrication de tubes de canalisations, \u00e0 Sidi el Heni. Elle a ajout\u00e9 que d\u2019\u00e9normes renforts de la protection civile sont en train de converger vers le lieu du sinistre, pour tenter de [&hellip;]<\/p>\n","protected":false},"author":1789,"featured_media":45904,"comment_status":"closed","ping_status":"closed","sticky":false,"template":"","format":"standard","meta":{"fifu_image_url":"","fifu_image_alt":"","footnotes":""},"categories":[73,55],"tags":[],"class_list":["post-45903","post","type-post","status-publish","format-standard","has-post-thumbnail","hentry","category-actualite","category-tunisie"],"_links":{"self":[{"href":"https:\/\/linitiative.ca\/International\/wp-json\/wp\/v2\/posts\/45903","targetHints":{"allow":["GET"]}}],"collection":[{"href":"https:\/\/linitiative.ca\/International\/wp-json\/wp\/v2\/posts"}],"about":[{"href":"https:\/\/linitiative.ca\/International\/wp-json\/wp\/v2\/types\/post"}],"author":[{"embeddable":true,"href":"https:\/\/linitiative.ca\/International\/wp-json\/wp\/v2\/users\/1789"}],"replies":[{"embeddable":true,"href":"https:\/\/linitiative.ca\/International\/wp-json\/wp\/v2\/comments?post=45903"}],"version-history":[{"count":0,"href":"https:\/\/linitiative.ca\/International\/wp-json\/wp\/v2\/posts\/45903\/revisions"}],"wp:featuredmedia":[{"embeddable":true,"href":"https:\/\/linitiative.ca\/International\/wp-json\/"}],"wp:attachment":[{"href":"https:\/\/linitiative.ca\/International\/wp-json\/wp\/v2\/media?parent=45903"}],"wp:term":[{"taxonomy":"category","embeddable":true,"href":"https:\/\/linitiative.ca\/International\/wp-json\/wp\/v2\/categories?post=45903"},{"taxonomy":"post_tag","embeddable":true,"href":"https:\/\/linitiative.ca\/International\/wp-json\/wp\/v2\/tags?post=45903"}],"curies":[{"name":"wp","href":"https:\/\/api.w.org\/{rel}","templated":true}]}}