{"id":45907,"date":"2019-07-12T12:59:20","date_gmt":"2019-07-12T16:59:20","guid":{"rendered":"https:\/\/linitiative.ca\/International\/tunisie-des-activistes-en-appellent-a-bce\/"},"modified":"2019-07-12T12:59:20","modified_gmt":"2019-07-12T16:59:20","slug":"tunisie-des-activistes-en-appellent-a-bce","status":"publish","type":"post","link":"https:\/\/linitiative.ca\/International\/tunisie-des-activistes-en-appellent-a-bce\/","title":{"rendered":"Tunisie \u2013 Des activistes en appellent \u00e0 BCE"},"content":{"rendered":"<div class=\"post-cont-in left relative\">\n<div class=\"swp_social_panel swp_horizontal_panel swp_flat_fresh swp_default_full_color swp_individual_full_color swp_other_full_color scale-100 scale-\" data-min-width=\"1100\" data-float-color=\"#ffffff\" data-float=\"none\" data-float-mobile=\"none\" data-transition=\"slide\">\n<div class=\"nc_tweetContainer swp_share_button total_shares total_sharesalt\"><span class=\"swp_count\">42 <span class=\"swp_label\">Partages<\/span><\/span><\/div>\n<\/div>\n<p>Des activistes, ainsi que des personnalit\u00e9s politiques, des d\u00e9fenseurs des droits de l\u2019homme, de m\u00eame que des sp\u00e9cialistes en droit constitutionnel, ont lanc\u00e9 sur les r\u00e9seaux sociaux, une campagne pour appeler le pr\u00e9sident de la R\u00e9publique, B\u00e9ji Ca\u00efed Essebsi \u00e0 soumettre les derni\u00e8res modifications de la loi \u00e9lectorale, approuv\u00e9es par l\u2019ARP, \u00e0 un r\u00e9f\u00e9rendum.<\/p>\n<p>Ces personnalit\u00e9s disent craindre que cette nouvelle loi porte atteinte au processus d\u00e9mocratique dans le pays et pr\u00e9pare le terrain \u00e0 une nouvelle dictature, en servant les int\u00e9r\u00eats de partis politiques dont la popularit\u00e9 a r\u00e9gress\u00e9 et qui savent qu\u2019ils risquent de perdre leur place au sein du paysage politique.<\/p>\n<div class=\"code-block code-block-1 c3\"><ins class=\"adsbygoogle c2\" data-ad-layout=\"in-article\" data-ad-format=\"fluid\" data-ad-client=\"ca-pub-2102118777505746\" data-ad-slot=\"7301775417\"\/> <\/div>\n<div class=\"mvp-org-wrap mvp-org-logo\" itemprop=\"publisher\" itemscope=\"\" itemtype=\"https:\/\/schema.org\/Organization\"><img decoding=\"async\" src=\"https:\/\/www.tunisienumerique.com\/wp-content\/uploads\/2017\/02\/logo_tunisie_numerique.png\"\/><\/div>\n<div class=\"swp_social_panel swp_horizontal_panel swp_flat_fresh swp_default_full_color swp_individual_full_color swp_other_full_color scale-100 scale-\" data-min-width=\"1100\" data-float-color=\"#ffffff\" data-float=\"none\" data-float-mobile=\"none\" data-transition=\"slide\">\n<div class=\"nc_tweetContainer swp_share_button total_shares total_sharesalt\"><span class=\"swp_count\">42 <span class=\"swp_label\">Partages<\/span><\/span><\/div>\n<\/div>\n<div class=\"mvp-related-posts left relative\">\n<h4 class=\"post-header\"><span class=\"post-header\">Lire aussi<\/span><\/h4>\n<\/div>\n<\/div>\n<p>Auteur: LM<br \/>\n<a href=\"https:\/\/www.tunisienumerique.com\/tunisie-des-activistes-en-appellent-a-bce\/\">Cliquez ici pour lire l&rsquo;article depuis sa source.<\/a><\/p>\n","protected":false},"excerpt":{"rendered":"<p>42 Partages Des activistes, ainsi que des personnalit\u00e9s politiques, des d\u00e9fenseurs des droits de l\u2019homme, de m\u00eame que des sp\u00e9cialistes en droit constitutionnel, ont lanc\u00e9 sur les r\u00e9seaux sociaux, une campagne pour appeler le pr\u00e9sident de la R\u00e9publique, B\u00e9ji Ca\u00efed Essebsi \u00e0 soumettre les derni\u00e8res modifications de la loi \u00e9lectorale, approuv\u00e9es par l\u2019ARP, \u00e0 un [&hellip;]<\/p>\n","protected":false},"author":1789,"featured_media":45908,"comment_status":"closed","ping_status":"closed","sticky":false,"template":"","format":"standard","meta":{"fifu_image_url":"","fifu_image_alt":"","footnotes":""},"categories":[73,55],"tags":[],"class_list":["post-45907","post","type-post","status-publish","format-standard","has-post-thumbnail","hentry","category-actualite","category-tunisie"],"_links":{"self":[{"href":"https:\/\/linitiative.ca\/International\/wp-json\/wp\/v2\/posts\/45907","targetHints":{"allow":["GET"]}}],"collection":[{"href":"https:\/\/linitiative.ca\/International\/wp-json\/wp\/v2\/posts"}],"about":[{"href":"https:\/\/linitiative.ca\/International\/wp-json\/wp\/v2\/types\/post"}],"author":[{"embeddable":true,"href":"https:\/\/linitiative.ca\/International\/wp-json\/wp\/v2\/users\/1789"}],"replies":[{"embeddable":true,"href":"https:\/\/linitiative.ca\/International\/wp-json\/wp\/v2\/comments?post=45907"}],"version-history":[{"count":0,"href":"https:\/\/linitiative.ca\/International\/wp-json\/wp\/v2\/posts\/45907\/revisions"}],"wp:featuredmedia":[{"embeddable":true,"href":"https:\/\/linitiative.ca\/International\/wp-json\/"}],"wp:attachment":[{"href":"https:\/\/linitiative.ca\/International\/wp-json\/wp\/v2\/media?parent=45907"}],"wp:term":[{"taxonomy":"category","embeddable":true,"href":"https:\/\/linitiative.ca\/International\/wp-json\/wp\/v2\/categories?post=45907"},{"taxonomy":"post_tag","embeddable":true,"href":"https:\/\/linitiative.ca\/International\/wp-json\/wp\/v2\/tags?post=45907"}],"curies":[{"name":"wp","href":"https:\/\/api.w.org\/{rel}","templated":true}]}}