{"id":45909,"date":"2019-07-12T13:20:21","date_gmt":"2019-07-12T17:20:21","guid":{"rendered":"https:\/\/linitiative.ca\/International\/tunisie-attention-ne-donnez-plus-de-lercefuryl-a-vos-enfants\/"},"modified":"2019-07-12T13:20:21","modified_gmt":"2019-07-12T17:20:21","slug":"tunisie-attention-ne-donnez-plus-de-lercefuryl-a-vos-enfants","status":"publish","type":"post","link":"https:\/\/linitiative.ca\/International\/tunisie-attention-ne-donnez-plus-de-lercefuryl-a-vos-enfants\/","title":{"rendered":"Tunisie \u2013 ATTENTION\u00a0: Ne donnez plus de l\u2019Erc\u00e9furyl \u00e0 vos enfants\u00a0!"},"content":{"rendered":"<div class=\"post-cont-in left relative\">\n<div class=\"swp_social_panel swp_horizontal_panel swp_flat_fresh swp_default_full_color swp_individual_full_color swp_other_full_color scale-100 scale-\" data-min-width=\"1100\" data-float-color=\"#ffffff\" data-float=\"none\" data-float-mobile=\"none\" data-transition=\"slide\">\n<div class=\"nc_tweetContainer swp_share_button total_shares total_sharesalt\"><span class=\"swp_count\">752 <span class=\"swp_label\">Partages<\/span><\/span><\/div>\n<\/div>\n<p>Indiqu\u00e9s dans le traitement de la\u00a0diarrh\u00e9e\u00a0aigu\u00eb d\u2019origine bact\u00e9rienne (notamment lors des \u00e9pid\u00e9mies de gastro-ent\u00e9rites), l\u2019Erc\u00e9furyl\u00ae et ses g\u00e9n\u00e9riques\u00a0ne doivent plus \u00eatre utilis\u00e9s chez les enfants et les adolescents de moins de 18 ans, selon\u00a0un <a href=\"https:\/\/ansm.sante.fr\/S-informer\/Actualite\/Le-nifuroxazide-Ercefuryl-et-ses-generiques-ne-doit-plus-etre-utilise-chez-les-enfants-et-adolescents-de-moins-de-18-ans-et-est-desormais-delivre-uniquement-sur-ordonnance-Point-d-information\">communiqu\u00e9\u00a0<\/a>de l\u2019Agence fran\u00e7aise du m\u00e9dicament paru mercredi 10 juillet 2019.<\/p>\n<p>En cause de cette nouvelle restriction : ces\u00a0m\u00e9dicaments contiennent du\u00a0nifuroxazide, une substance active susceptible de provoquer de graves effets ind\u00e9sirables de type allergique s\u00e9v\u00e8re, comme un\u00a0choc anaphylactique\u00a0ou un\u00a0\u0153d\u00e8me de Quincke. Du fait de ses risques graves, ce traitement anti diarrh\u00e9ique n\u2019est d\u00e9sormais disponible\u00a0que sur ordonnance m\u00e9dicale.<\/p>\n<div class=\"code-block code-block-1 c3\"><ins class=\"adsbygoogle c2\" data-ad-layout=\"in-article\" data-ad-format=\"fluid\" data-ad-client=\"ca-pub-2102118777505746\" data-ad-slot=\"7301775417\"\/> <\/div>\n<p>Cette d\u00e9cision \u00e9tant valable en France,\u00a0 on\u00a0attend une \u00e9ventuelle r\u00e9action des autorit\u00e9s sanitaires tunisiennes. Il serait souhaitable de s\u2019en tenir aux\u00a0recommandations fran\u00e7aises.<\/p>\n<p><img loading=\"lazy\" decoding=\"async\" class=\"aligncenter size-full wp-image-447988\" src=\"https:\/\/www.tunisienumerique.com\/wp-content\/uploads\/2019\/07\/ansm.jpg\" alt=\"\" width=\"1003\" height=\"606\" srcset=\"https:\/\/www.tunisienumerique.com\/wp-content\/uploads\/2019\/07\/ansm.jpg 1003w, https:\/\/www.tunisienumerique.com\/wp-content\/uploads\/2019\/07\/ansm-768x464.jpg 768w, https:\/\/www.tunisienumerique.com\/wp-content\/uploads\/2019\/07\/ansm-600x363.jpg 600w, https:\/\/www.tunisienumerique.com\/wp-content\/uploads\/2019\/07\/ansm-300x180.jpg 300w\" sizes=\"auto, (max-width: 1003px) 100vw, 1003px\"\/><\/p>\n<div class=\"mvp-org-wrap mvp-org-logo\" itemprop=\"publisher\" itemscope=\"\" itemtype=\"https:\/\/schema.org\/Organization\"><img decoding=\"async\" src=\"https:\/\/www.tunisienumerique.com\/wp-content\/uploads\/2017\/02\/logo_tunisie_numerique.png\"\/><\/div>\n<div class=\"swp_social_panel swp_horizontal_panel swp_flat_fresh swp_default_full_color swp_individual_full_color swp_other_full_color scale-100 scale-\" data-min-width=\"1100\" data-float-color=\"#ffffff\" data-float=\"none\" data-float-mobile=\"none\" data-transition=\"slide\">\n<div class=\"nc_tweetContainer swp_share_button total_shares total_sharesalt\"><span class=\"swp_count\">752 <span class=\"swp_label\">Partages<\/span><\/span><\/div>\n<\/div>\n<div class=\"mvp-related-posts left relative\">\n<h4 class=\"post-header\"><span class=\"post-header\">Lire aussi<\/span><\/h4>\n<\/div>\n<\/div>\n<p>Auteur: LM<br \/>\n<a href=\"https:\/\/www.tunisienumerique.com\/tunisie-attention-ne-donnez-plus-de-lercefuryl-a-vos-enfants\/\">Cliquez ici pour lire l&rsquo;article depuis sa source.<\/a><\/p>\n","protected":false},"excerpt":{"rendered":"<p>752 Partages Indiqu\u00e9s dans le traitement de la\u00a0diarrh\u00e9e\u00a0aigu\u00eb d\u2019origine bact\u00e9rienne (notamment lors des \u00e9pid\u00e9mies de gastro-ent\u00e9rites), l\u2019Erc\u00e9furyl\u00ae et ses g\u00e9n\u00e9riques\u00a0ne doivent plus \u00eatre utilis\u00e9s chez les enfants et les adolescents de moins de 18 ans, selon\u00a0un communiqu\u00e9\u00a0de l\u2019Agence fran\u00e7aise du m\u00e9dicament paru mercredi 10 juillet 2019. En cause de cette nouvelle restriction : ces\u00a0m\u00e9dicaments contiennent [&hellip;]<\/p>\n","protected":false},"author":1789,"featured_media":45910,"comment_status":"closed","ping_status":"closed","sticky":false,"template":"","format":"standard","meta":{"fifu_image_url":"","fifu_image_alt":"","footnotes":""},"categories":[73,55],"tags":[],"class_list":["post-45909","post","type-post","status-publish","format-standard","has-post-thumbnail","hentry","category-actualite","category-tunisie"],"_links":{"self":[{"href":"https:\/\/linitiative.ca\/International\/wp-json\/wp\/v2\/posts\/45909","targetHints":{"allow":["GET"]}}],"collection":[{"href":"https:\/\/linitiative.ca\/International\/wp-json\/wp\/v2\/posts"}],"about":[{"href":"https:\/\/linitiative.ca\/International\/wp-json\/wp\/v2\/types\/post"}],"author":[{"embeddable":true,"href":"https:\/\/linitiative.ca\/International\/wp-json\/wp\/v2\/users\/1789"}],"replies":[{"embeddable":true,"href":"https:\/\/linitiative.ca\/International\/wp-json\/wp\/v2\/comments?post=45909"}],"version-history":[{"count":0,"href":"https:\/\/linitiative.ca\/International\/wp-json\/wp\/v2\/posts\/45909\/revisions"}],"wp:featuredmedia":[{"embeddable":true,"href":"https:\/\/linitiative.ca\/International\/wp-json\/"}],"wp:attachment":[{"href":"https:\/\/linitiative.ca\/International\/wp-json\/wp\/v2\/media?parent=45909"}],"wp:term":[{"taxonomy":"category","embeddable":true,"href":"https:\/\/linitiative.ca\/International\/wp-json\/wp\/v2\/categories?post=45909"},{"taxonomy":"post_tag","embeddable":true,"href":"https:\/\/linitiative.ca\/International\/wp-json\/wp\/v2\/tags?post=45909"}],"curies":[{"name":"wp","href":"https:\/\/api.w.org\/{rel}","templated":true}]}}