{"id":45911,"date":"2019-07-12T14:43:12","date_gmt":"2019-07-12T18:43:12","guid":{"rendered":"https:\/\/linitiative.ca\/International\/tunisie-audio-mohsen-marzouk-appelle-chahed-a-demissionner\/"},"modified":"2019-07-12T14:43:12","modified_gmt":"2019-07-12T18:43:12","slug":"tunisie-audio-mohsen-marzouk-appelle-chahed-a-demissionner","status":"publish","type":"post","link":"https:\/\/linitiative.ca\/International\/tunisie-audio-mohsen-marzouk-appelle-chahed-a-demissionner\/","title":{"rendered":"Tunisie \u2013 AUDIO\u00a0: Mohsen Marzouk appelle Chahed \u00e0 d\u00e9missionner"},"content":{"rendered":"<div class=\"post-cont-in left relative\">\n<div class=\"swp_social_panel swp_horizontal_panel swp_flat_fresh swp_default_full_color swp_individual_full_color swp_other_full_color scale-100 scale-\" data-min-width=\"1100\" data-float-color=\"#ffffff\" data-float=\"none\" data-float-mobile=\"none\" data-transition=\"slide\">\n<div class=\"nc_tweetContainer swp_share_button total_shares total_sharesalt\"><span class=\"swp_count\">64 <span class=\"swp_label\">Partages<\/span><\/span><\/div>\n<\/div>\n<p>Le pr\u00e9sident du parti Machrou3 Tounes, Mohsen Marzouk a appel\u00e9, ce vendredi au micro d\u2019ExpressFM, le chef du gouvernement, Youssef Chahed \u00e0 d\u00e9missionner imm\u00e9diatement du gouvernement, s\u2019il veut se pr\u00e9senter aux prochaines \u00e9lections. Il a expliqu\u00e9 qu\u2019il n\u2019\u00e9tait pas normal qu\u2019un chef du gouvernement forme son propre parti et se pr\u00e9sente aux \u00e9lections, tout en restant en poste.<\/p>\n<p>Par ailleurs, Marzouk a assur\u00e9 que les appels lanc\u00e9s sur les r\u00e9seaux sociaux et autres supports, au pr\u00e9sident B\u00e9ji Ca\u00efed Essebsi de soumettre la nouvelle loi \u00e9lectorale \u00e0 un r\u00e9f\u00e9rendum, n\u2019a pour but que de retarder les \u00e9ch\u00e9ances \u00e9lectorales qui ne pourraient jamais \u00eatre maintenues aux m\u00eames dates.<\/p>\n<div class=\"code-block code-block-1 c3\"><ins class=\"adsbygoogle c2\" data-ad-layout=\"in-article\" data-ad-format=\"fluid\" data-ad-client=\"ca-pub-2102118777505746\" data-ad-slot=\"7301775417\"\/> <\/div>\n<p><a href=\"https:\/\/www.tunisienumerique.com\/wp-content\/uploads\/2019\/07\/Mohsen-Marzouk.wav\">https:\/\/www.tunisienumerique.com\/wp-content\/uploads\/2019\/07\/Mohsen-Marzouk.wav<\/a><\/p>\n<div class=\"mvp-org-wrap mvp-org-logo\" itemprop=\"publisher\" itemscope=\"\" itemtype=\"https:\/\/schema.org\/Organization\"><img decoding=\"async\" src=\"https:\/\/www.tunisienumerique.com\/wp-content\/uploads\/2017\/02\/logo_tunisie_numerique.png\"\/><\/div>\n<div class=\"swp_social_panel swp_horizontal_panel swp_flat_fresh swp_default_full_color swp_individual_full_color swp_other_full_color scale-100 scale-\" data-min-width=\"1100\" data-float-color=\"#ffffff\" data-float=\"none\" data-float-mobile=\"none\" data-transition=\"slide\">\n<div class=\"nc_tweetContainer swp_share_button total_shares total_sharesalt\"><span class=\"swp_count\">64 <span class=\"swp_label\">Partages<\/span><\/span><\/div>\n<\/div>\n<div class=\"mvp-related-posts left relative\">\n<h4 class=\"post-header\"><span class=\"post-header\">Lire aussi<\/span><\/h4>\n<\/div>\n<\/div>\n<p>Auteur: LM<br \/>\n<a href=\"https:\/\/www.tunisienumerique.com\/tunisie-audio-mohsen-marzouk-appelle-chahed-a-demissionner\/\">Cliquez ici pour lire l&rsquo;article depuis sa source.<\/a><\/p>\n","protected":false},"excerpt":{"rendered":"<p>64 Partages Le pr\u00e9sident du parti Machrou3 Tounes, Mohsen Marzouk a appel\u00e9, ce vendredi au micro d\u2019ExpressFM, le chef du gouvernement, Youssef Chahed \u00e0 d\u00e9missionner imm\u00e9diatement du gouvernement, s\u2019il veut se pr\u00e9senter aux prochaines \u00e9lections. Il a expliqu\u00e9 qu\u2019il n\u2019\u00e9tait pas normal qu\u2019un chef du gouvernement forme son propre parti et se pr\u00e9sente aux \u00e9lections, [&hellip;]<\/p>\n","protected":false},"author":1789,"featured_media":45912,"comment_status":"closed","ping_status":"closed","sticky":false,"template":"","format":"standard","meta":{"fifu_image_url":"","fifu_image_alt":"","footnotes":""},"categories":[73,55],"tags":[],"class_list":["post-45911","post","type-post","status-publish","format-standard","has-post-thumbnail","hentry","category-actualite","category-tunisie"],"_links":{"self":[{"href":"https:\/\/linitiative.ca\/International\/wp-json\/wp\/v2\/posts\/45911","targetHints":{"allow":["GET"]}}],"collection":[{"href":"https:\/\/linitiative.ca\/International\/wp-json\/wp\/v2\/posts"}],"about":[{"href":"https:\/\/linitiative.ca\/International\/wp-json\/wp\/v2\/types\/post"}],"author":[{"embeddable":true,"href":"https:\/\/linitiative.ca\/International\/wp-json\/wp\/v2\/users\/1789"}],"replies":[{"embeddable":true,"href":"https:\/\/linitiative.ca\/International\/wp-json\/wp\/v2\/comments?post=45911"}],"version-history":[{"count":0,"href":"https:\/\/linitiative.ca\/International\/wp-json\/wp\/v2\/posts\/45911\/revisions"}],"wp:featuredmedia":[{"embeddable":true,"href":"https:\/\/linitiative.ca\/International\/wp-json\/"}],"wp:attachment":[{"href":"https:\/\/linitiative.ca\/International\/wp-json\/wp\/v2\/media?parent=45911"}],"wp:term":[{"taxonomy":"category","embeddable":true,"href":"https:\/\/linitiative.ca\/International\/wp-json\/wp\/v2\/categories?post=45911"},{"taxonomy":"post_tag","embeddable":true,"href":"https:\/\/linitiative.ca\/International\/wp-json\/wp\/v2\/tags?post=45911"}],"curies":[{"name":"wp","href":"https:\/\/api.w.org\/{rel}","templated":true}]}}