{"id":45913,"date":"2019-07-12T15:14:03","date_gmt":"2019-07-12T19:14:03","guid":{"rendered":"https:\/\/linitiative.ca\/International\/tunisie-la-derniere-audio-a-mahdia-la-remorqueuse-de-la-fourriere-embarque-les-voitures-de-devant-les-maisons-dans-les-quartiers-residentiels\/"},"modified":"2019-07-12T15:14:03","modified_gmt":"2019-07-12T19:14:03","slug":"tunisie-la-derniere-audio-a-mahdia-la-remorqueuse-de-la-fourriere-embarque-les-voitures-de-devant-les-maisons-dans-les-quartiers-residentiels","status":"publish","type":"post","link":"https:\/\/linitiative.ca\/International\/tunisie-la-derniere-audio-a-mahdia-la-remorqueuse-de-la-fourriere-embarque-les-voitures-de-devant-les-maisons-dans-les-quartiers-residentiels\/","title":{"rendered":"Tunisie \u2013 La Derni\u00e8re\u00a0: AUDIO\u00a0: A Mahdia, la remorqueuse de la fourri\u00e8re embarque les voitures de devant les maisons dans les quartiers r\u00e9sidentiels"},"content":{"rendered":"<div class=\"post-cont-in left relative\">\n<div class=\"swp_social_panel swp_horizontal_panel swp_flat_fresh swp_default_full_color swp_individual_full_color swp_other_full_color scale-100 scale-\" data-min-width=\"1100\" data-float-color=\"#ffffff\" data-float=\"none\" data-float-mobile=\"none\" data-transition=\"slide\">\n<div class=\"nc_tweetContainer swp_share_button total_shares total_sharesalt\"><span class=\"swp_count\">44 <span class=\"swp_label\">Partages<\/span><\/span><\/div>\n<\/div>\n<p>Une lectrice de Tunisienumerique, habitant la ville de Mahdia, a contact\u00e9 la r\u00e9daction pour raconter sa m\u00e9saventure.<\/p>\n<p>Elle a \u00e9t\u00e9 surprise, ce vendredi apr\u00e8s midi, de constater la disparition de sa voiture gar\u00e9e devant chez elle, dans un quartier r\u00e9sidentiel \u00e0 Mahdia. Sa voiture \u00e9tait stationn\u00e9e sur l\u2019all\u00e9e emmenant \u00e0 son garage, o\u00f9 elle la stationne \u00e9t\u00e9 habituellement\u00a0pour la rentrer au garage, la nuit.<\/p>\n<div class=\"code-block code-block-1 c3\"><ins class=\"adsbygoogle c2\" data-ad-layout=\"in-article\" data-ad-format=\"fluid\" data-ad-client=\"ca-pub-2102118777505746\" data-ad-slot=\"7301775417\"\/> <\/div>\n<p>La lectrice a ajout\u00e9 qu\u2019elle a pris des photos pour montrer qu\u2019il n\u2019y avait pas que sa voiture qui \u00e9tait stationn\u00e9e de la sorte et que tous les voisins font de la sorte, d\u2019autant plus que le trottoir est suffisamment large pour y garer les voitures.<\/p>\n<p>Quand elle a voulu discuter avec l\u2019agent de police affect\u00e9 \u00e0 la fourri\u00e8re, en lui montrant les photos qu\u2019elle avait prises, pour lui d\u00e9montrer sa bonne foi, il s\u2019est emport\u00e9 et lui a reproch\u00e9 d\u2019\u00eatre \u00ab\u00a0de celles qui prennent des photos\u00a0\u00bb\u00a0! Sous entendu qu\u2019elle est du genre \u00e0 prendre des photos pour incriminer la police.<\/p>\n<p>La lectrice a ajout\u00e9 que tous ses voisins ont \u00e9t\u00e9 solidaires avec elle, lui assurant qu\u2019ils sont pr\u00eats \u00e0 observer un sit-in, en signe de solidarit\u00e9 et pour d\u00e9noncer les d\u00e9passements de la fourri\u00e8re.<\/p>\n<p>Une anecdote qui t\u00e9moigne, encore une fois, de l\u2019absence de l\u2019autorit\u00e9 de l\u2019Etat qui laisse comprendre au citoyen que tout est d\u00e9sormais bon pour lui soutirer de l\u2019argent. Alors que, tr\u00e8s certainement, les agents de la police municipale de Mahdia avaient beaucoup d\u2019autres choses plus\u00a0importantes \u00e0 faire, surtout que c\u2019\u00e9tait le jour du march\u00e9 hebdomadaire.<\/p>\n<p><span><strong>d\u00e9claration<\/strong><\/span><\/p>\n<div class=\"post-audio-wrap relative\">Votre navigateur ne prend pas en charge l&rsquo;\u00e9l\u00e9ment audio.<\/div>\n<div class=\"mvp-org-wrap mvp-org-logo\" itemprop=\"publisher\" itemscope=\"\" itemtype=\"https:\/\/schema.org\/Organization\"><img decoding=\"async\" src=\"https:\/\/www.tunisienumerique.com\/wp-content\/uploads\/2017\/02\/logo_tunisie_numerique.png\"\/><\/div>\n<div class=\"swp_social_panel swp_horizontal_panel swp_flat_fresh swp_default_full_color swp_individual_full_color swp_other_full_color scale-100 scale-\" data-min-width=\"1100\" data-float-color=\"#ffffff\" data-float=\"none\" data-float-mobile=\"none\" data-transition=\"slide\">\n<div class=\"nc_tweetContainer swp_share_button total_shares total_sharesalt\"><span class=\"swp_count\">44 <span class=\"swp_label\">Partages<\/span><\/span><\/div>\n<\/div>\n<div class=\"mvp-related-posts left relative\">\n<h4 class=\"post-header\"><span class=\"post-header\">Lire aussi<\/span><\/h4>\n<\/div>\n<\/div>\n<p>Auteur: LM<br \/>\n<a href=\"https:\/\/www.tunisienumerique.com\/declaration-audiotunisie-la-derniere-audio-a-mahdia-la-remorqueuse-de-la-fourriere-embarque-les-voitures-de-devant-les-maisons-dans-les-quartiers-residentiels\/\">Cliquez ici pour lire l&rsquo;article depuis sa source.<\/a><\/p>\n","protected":false},"excerpt":{"rendered":"<p>44 Partages Une lectrice de Tunisienumerique, habitant la ville de Mahdia, a contact\u00e9 la r\u00e9daction pour raconter sa m\u00e9saventure. Elle a \u00e9t\u00e9 surprise, ce vendredi apr\u00e8s midi, de constater la disparition de sa voiture gar\u00e9e devant chez elle, dans un quartier r\u00e9sidentiel \u00e0 Mahdia. Sa voiture \u00e9tait stationn\u00e9e sur l\u2019all\u00e9e emmenant \u00e0 son garage, o\u00f9 [&hellip;]<\/p>\n","protected":false},"author":1789,"featured_media":45914,"comment_status":"closed","ping_status":"closed","sticky":false,"template":"","format":"standard","meta":{"fifu_image_url":"","fifu_image_alt":"","footnotes":""},"categories":[73,55],"tags":[],"class_list":["post-45913","post","type-post","status-publish","format-standard","has-post-thumbnail","hentry","category-actualite","category-tunisie"],"_links":{"self":[{"href":"https:\/\/linitiative.ca\/International\/wp-json\/wp\/v2\/posts\/45913","targetHints":{"allow":["GET"]}}],"collection":[{"href":"https:\/\/linitiative.ca\/International\/wp-json\/wp\/v2\/posts"}],"about":[{"href":"https:\/\/linitiative.ca\/International\/wp-json\/wp\/v2\/types\/post"}],"author":[{"embeddable":true,"href":"https:\/\/linitiative.ca\/International\/wp-json\/wp\/v2\/users\/1789"}],"replies":[{"embeddable":true,"href":"https:\/\/linitiative.ca\/International\/wp-json\/wp\/v2\/comments?post=45913"}],"version-history":[{"count":0,"href":"https:\/\/linitiative.ca\/International\/wp-json\/wp\/v2\/posts\/45913\/revisions"}],"wp:featuredmedia":[{"embeddable":true,"href":"https:\/\/linitiative.ca\/International\/wp-json\/"}],"wp:attachment":[{"href":"https:\/\/linitiative.ca\/International\/wp-json\/wp\/v2\/media?parent=45913"}],"wp:term":[{"taxonomy":"category","embeddable":true,"href":"https:\/\/linitiative.ca\/International\/wp-json\/wp\/v2\/categories?post=45913"},{"taxonomy":"post_tag","embeddable":true,"href":"https:\/\/linitiative.ca\/International\/wp-json\/wp\/v2\/tags?post=45913"}],"curies":[{"name":"wp","href":"https:\/\/api.w.org\/{rel}","templated":true}]}}