{"id":45915,"date":"2019-07-12T12:18:03","date_gmt":"2019-07-12T16:18:03","guid":{"rendered":"https:\/\/linitiative.ca\/International\/vers-la-liberation-de-plusieurs-prisonniers-politiques-au-cameroun\/"},"modified":"2019-07-12T12:18:03","modified_gmt":"2019-07-12T16:18:03","slug":"vers-la-liberation-de-plusieurs-prisonniers-politiques-au-cameroun","status":"publish","type":"post","link":"https:\/\/linitiative.ca\/International\/vers-la-liberation-de-plusieurs-prisonniers-politiques-au-cameroun\/","title":{"rendered":"Vers la lib\u00e9ration de plusieurs prisonniers politiques au Cameroun"},"content":{"rendered":"<div readability=\"32\">\n<p>Publi\u00e9 le 12.07.2019 \u00e0 17h18 par APA News<\/p>\n<\/div>\n<div readability=\"63\">\n<p>Deux \u00e9quipes de travail, en provenance du tribunal militaire de Yaound\u00e9, la capitale, s\u2019activent depuis vendredi en fin d\u2019apr\u00e8s-midi \u00e0 la prison principale de Kondengui, aux formalit\u00e9s de lib\u00e9ration de plusieurs membres du Mouvement pour la renaissance du Cameroun (Mrc, opposition), a appris APA de sources s\u00fbres.Conduites par le juge d\u2019instruction et le commissaire du gouvernement pr\u00e8s ledit tribunal, ces \u00e9quipes vont proc\u00e9der \u00e0 la notification des ordonnances de r\u00e8glement des personnes d\u00e9tenues dans le cadre des manifestations non autoris\u00e9es du 26 janvier dernier dans plusieurs villes du pays.<\/p>\n<p>M\u00eame si le nombre de personnes concern\u00e9es par cette mesure d\u2019arr\u00eat des poursuites et lib\u00e9ration imm\u00e9diate n\u2019a pas \u00e9t\u00e9 pr\u00e9cis\u00e9, l\u2019on se souvient qu\u2019au moins 160 militants et sympathisants du Mrc, y compris le leader de la formation, Maurice Kamto, sont derri\u00e8re les barreaux pour, entre autres, \u00abr\u00e9bellion\u00bb et \u00abincitation \u00e0 l\u2019insurrection\u00bb.<\/p>\n<p>En mars 2019, 29 d\u2019entre elles avaient \u00e9t\u00e9 condamn\u00e9es \u00e0 12 mois d\u2019emprisonnement pour \u00abattroupement\u00bb et \u00abmanifestation ill\u00e9gale\u00bb, alors que 11 autres \u00e9taient d\u00e9clar\u00e9es non coupables.<\/p>\n<p>Arriv\u00e9 en deuxi\u00e8me position \u00e0 l\u2019issue de l\u2019\u00e9lection pr\u00e9sidentielle d\u2019octobre 2018 derri\u00e8re le pr\u00e9sident Paul Biya, M. Kamto avait lanc\u00e9 une s\u00e9rie de manifestations pacifiques \u00e0 travers le Cameroun pour d\u00e9noncer \u00able hold-up\u00bb du pouvoir audit scrutin.<\/p>\n<\/div>\n<p>Auteur: APA News<br \/>\n<a href=\"https:\/\/www.journalducameroun.com\/vers-la-liberation-de-plusieurs-prisonniers-politiques-au-cameroun\/\">Cliquez ici pour lire l&rsquo;article depuis sa source.<\/a><\/p>\n","protected":false},"excerpt":{"rendered":"<p>Publi\u00e9 le 12.07.2019 \u00e0 17h18 par APA News Deux \u00e9quipes de travail, en provenance du tribunal militaire de Yaound\u00e9, la capitale, s\u2019activent depuis vendredi en fin d\u2019apr\u00e8s-midi \u00e0 la prison principale de Kondengui, aux formalit\u00e9s de lib\u00e9ration de plusieurs membres du Mouvement pour la renaissance du Cameroun (Mrc, opposition), a appris APA de sources s\u00fbres.Conduites [&hellip;]<\/p>\n","protected":false},"author":1965,"featured_media":0,"comment_status":"closed","ping_status":"closed","sticky":false,"template":"","format":"standard","meta":{"fifu_image_url":"","fifu_image_alt":"","footnotes":""},"categories":[73,82],"tags":[],"class_list":["post-45915","post","type-post","status-publish","format-standard","hentry","category-actualite","category-cameroun"],"_links":{"self":[{"href":"https:\/\/linitiative.ca\/International\/wp-json\/wp\/v2\/posts\/45915","targetHints":{"allow":["GET"]}}],"collection":[{"href":"https:\/\/linitiative.ca\/International\/wp-json\/wp\/v2\/posts"}],"about":[{"href":"https:\/\/linitiative.ca\/International\/wp-json\/wp\/v2\/types\/post"}],"author":[{"embeddable":true,"href":"https:\/\/linitiative.ca\/International\/wp-json\/wp\/v2\/users\/1965"}],"replies":[{"embeddable":true,"href":"https:\/\/linitiative.ca\/International\/wp-json\/wp\/v2\/comments?post=45915"}],"version-history":[{"count":0,"href":"https:\/\/linitiative.ca\/International\/wp-json\/wp\/v2\/posts\/45915\/revisions"}],"wp:attachment":[{"href":"https:\/\/linitiative.ca\/International\/wp-json\/wp\/v2\/media?parent=45915"}],"wp:term":[{"taxonomy":"category","embeddable":true,"href":"https:\/\/linitiative.ca\/International\/wp-json\/wp\/v2\/categories?post=45915"},{"taxonomy":"post_tag","embeddable":true,"href":"https:\/\/linitiative.ca\/International\/wp-json\/wp\/v2\/tags?post=45915"}],"curies":[{"name":"wp","href":"https:\/\/api.w.org\/{rel}","templated":true}]}}