{"id":45916,"date":"2019-07-12T12:18:05","date_gmt":"2019-07-12T16:18:05","guid":{"rendered":"https:\/\/linitiative.ca\/International\/ouattara-persuade-des-elections-apaisees-dans-les-pays-de-luemoa-en-2020\/"},"modified":"2019-07-12T12:18:05","modified_gmt":"2019-07-12T16:18:05","slug":"ouattara-persuade-des-elections-apaisees-dans-les-pays-de-luemoa-en-2020","status":"publish","type":"post","link":"https:\/\/linitiative.ca\/International\/ouattara-persuade-des-elections-apaisees-dans-les-pays-de-luemoa-en-2020\/","title":{"rendered":"Ouattara persuad\u00e9 des \u00e9lections apais\u00e9es dans les pays de l\u2019UEMOA en 2020"},"content":{"rendered":"<div readability=\"32\">\n<p>Publi\u00e9 le 12.07.2019 \u00e0 17h18 par APA News<\/p>\n<\/div>\n<div readability=\"74\">\n<p>Le pr\u00e9sident ivoirien Alassane Ouattara s\u2019est dit vendredi \u00e0 Abidjan \u00abpersuad\u00e9\u00bb que les \u00e9lections pr\u00e9vues en 2020 dans les pays de l\u2019Union \u00e9conomique et mon\u00e9taire ouest-africaine (UEMOA) se tiendront dans un climat apais\u00e9.\u00ab Je suis persuad\u00e9 que les \u00e9ch\u00e9ances \u00e9lectorales pr\u00e9vues en 2020 dans notre espace se tiendront dans un climat apais\u00e9 \u00bb, a dit M. Ouattara dans une allocution d\u2019ouverture de la 21\u00e8 session ordinaire de la conf\u00e9rence des chefs d\u2019\u00c9tat et de gouvernement de l\u2019UEMOA dont il est le pr\u00e9sident en exercice.<\/p>\n<p>Ces assises se sont ouvertes en pr\u00e9sence de sept chefs d\u2019\u00c9tat sur huit que compte cette organisation. Se f\u00e9licitant des bonnes performances \u00e9conomiques enregistr\u00e9es par l\u2019Union, M. Ouattara a appel\u00e9 les \u00c9tats membres de la sous-r\u00e9gion \u00e0 respecter \u00ab les crit\u00e8res de convergence \u00bb.<\/p>\n<p>\u00ab La croissance \u00e9conomique de l\u2019Union s\u2019est \u00e9tablit \u00e0 6,6% en 2018 comme l\u2019an dernier \u00bb, s\u2019est par ailleurs, \u00a0satisfait le pr\u00e9sident ivoirien, assurant que les perspectives sont bonnes pour les ann\u00e9es \u00e0 venir.<\/p>\n<p>\u00abDes avanc\u00e9es notables sont \u00e0 relever dans la mise en \u0153uvre des r\u00e9formes communautaires\u00bb, a poursuivi M. Ouattara appelant \u00e0 \u00abun accroissement de la coop\u00e9ration s\u00e9curitaire\u00bb entre les \u00c9tats de l\u2019UEMOA.<\/p>\n<p>Auparavant, Romuald Badagni, le pr\u00e9sident du Conseil des ministres statutaires de l\u2019UEMOA, s\u2019est f\u00e9licit\u00e9 pour sa part, \u00a0du dynamisme de l\u2019activit\u00e9 \u00e9conomique au sein de l\u2019Union, indiquant que le \u00abd\u00e9fi majeur demeure la convergence de notre \u00e9conomie\u00bb.<\/p>\n<p>Cette 21\u00e8 conf\u00e9rence des chefs d\u2019\u00c9tat et de gouvernement de l\u2019UEMOA s\u2019est ouverte en pr\u00e9sence des pr\u00e9sidents Alassane Ouattara (C\u00f4te d\u2019Ivoire), Macky Sall (S\u00e9n\u00e9gal), Roch Christian Kabor\u00e9 (Burkina Faso), Ibrahim Boubacar K\u00e9\u00efta (Mali), Faure Gnassingb\u00e9 (Togo), \u00a0Patrice Talon (B\u00e9nin), Mahamadou Issoufou (Niger) et du premier ministre Bissau-guin\u00e9enn Aristide Gomes.<\/p>\n<\/div>\n<p>Auteur: APA News<br \/>\n<a href=\"https:\/\/www.journalducameroun.com\/ouattara-persuade-des-elections-apaisees-dans-les-pays-de-luemoa-en-2020\/\">Cliquez ici pour lire l&rsquo;article depuis sa source.<\/a><\/p>\n","protected":false},"excerpt":{"rendered":"<p>Publi\u00e9 le 12.07.2019 \u00e0 17h18 par APA News Le pr\u00e9sident ivoirien Alassane Ouattara s\u2019est dit vendredi \u00e0 Abidjan \u00abpersuad\u00e9\u00bb que les \u00e9lections pr\u00e9vues en 2020 dans les pays de l\u2019Union \u00e9conomique et mon\u00e9taire ouest-africaine (UEMOA) se tiendront dans un climat apais\u00e9.\u00ab Je suis persuad\u00e9 que les \u00e9ch\u00e9ances \u00e9lectorales pr\u00e9vues en 2020 dans notre espace se [&hellip;]<\/p>\n","protected":false},"author":1965,"featured_media":0,"comment_status":"closed","ping_status":"closed","sticky":false,"template":"","format":"standard","meta":{"fifu_image_url":"","fifu_image_alt":"","footnotes":""},"categories":[73,82],"tags":[],"class_list":["post-45916","post","type-post","status-publish","format-standard","hentry","category-actualite","category-cameroun"],"_links":{"self":[{"href":"https:\/\/linitiative.ca\/International\/wp-json\/wp\/v2\/posts\/45916","targetHints":{"allow":["GET"]}}],"collection":[{"href":"https:\/\/linitiative.ca\/International\/wp-json\/wp\/v2\/posts"}],"about":[{"href":"https:\/\/linitiative.ca\/International\/wp-json\/wp\/v2\/types\/post"}],"author":[{"embeddable":true,"href":"https:\/\/linitiative.ca\/International\/wp-json\/wp\/v2\/users\/1965"}],"replies":[{"embeddable":true,"href":"https:\/\/linitiative.ca\/International\/wp-json\/wp\/v2\/comments?post=45916"}],"version-history":[{"count":0,"href":"https:\/\/linitiative.ca\/International\/wp-json\/wp\/v2\/posts\/45916\/revisions"}],"wp:attachment":[{"href":"https:\/\/linitiative.ca\/International\/wp-json\/wp\/v2\/media?parent=45916"}],"wp:term":[{"taxonomy":"category","embeddable":true,"href":"https:\/\/linitiative.ca\/International\/wp-json\/wp\/v2\/categories?post=45916"},{"taxonomy":"post_tag","embeddable":true,"href":"https:\/\/linitiative.ca\/International\/wp-json\/wp\/v2\/tags?post=45916"}],"curies":[{"name":"wp","href":"https:\/\/api.w.org\/{rel}","templated":true}]}}