{"id":45917,"date":"2019-07-12T12:18:07","date_gmt":"2019-07-12T16:18:07","guid":{"rendered":"https:\/\/linitiative.ca\/International\/lallemagne-apporte-17-milliard-fcfa-pour-un-projet-de-lutte-contre-la-pauvrete-en-cote-divoire\/"},"modified":"2019-07-12T12:18:07","modified_gmt":"2019-07-12T16:18:07","slug":"lallemagne-apporte-17-milliard-fcfa-pour-un-projet-de-lutte-contre-la-pauvrete-en-cote-divoire","status":"publish","type":"post","link":"https:\/\/linitiative.ca\/International\/lallemagne-apporte-17-milliard-fcfa-pour-un-projet-de-lutte-contre-la-pauvrete-en-cote-divoire\/","title":{"rendered":"L\u2019Allemagne apporte 1,7 milliard FCFA pour un projet de lutte contre la pauvret\u00e9 en C\u00f4te d\u2019Ivoire"},"content":{"rendered":"<div readability=\"32\">\n<p>Publi\u00e9 le 12.07.2019 \u00e0 17h18 par APA News<\/p>\n<\/div>\n<div readability=\"93\">\n<p>La R\u00e9publique F\u00e9d\u00e9rale d\u2019Allemagne et le Programme des Nations Unies pour le d\u00e9veloppement (PNUD) ont sign\u00e9, vendredi \u00e0 Abidjan, un m\u00e9morandum d\u2019accord pour appuyer la lutte contre la pauvret\u00e9, le renforcement de la coh\u00e9sion sociale et la pr\u00e9vention des crises \u00e0 l\u2019Ouest et dans Sud-Ouest ivoirien.Cet accord paraph\u00e9 en pr\u00e9sence de la ministre ivoirienne de la Solidarit\u00e9, de \u00a0la coh\u00e9sion sociale et de la lutte contre la pauvret\u00e9, Pr Mariatou Kon\u00e9 s\u2019inscrit dans le cadre de la seconde phase du projet intitul\u00e9 \u00abappui \u00e0 la pr\u00e9vention des crises et \u00e0 la consolidation de coh\u00e9sion et de l\u2019inclusion sociale\u00bb.<\/p>\n<p>Ce projet vise au renforcement de la coh\u00e9sion sociale et la coexistence pacifique \u00e0 travers le dialogue communautaire et l\u2019acc\u00e8s aux infrastructures sociales de base ainsi qu\u2019\u00e0 la r\u00e9int\u00e9gration des personnes retourn\u00e9es dans les communaut\u00e9s d\u2019accueil dans une dynamique de renforcement de coh\u00e9sion.<\/p>\n<p>La promotion de l\u2019entrepreneuriat jeune \u00e0 travers la formation professionnelle et la cr\u00e9ation de micro-entreprises, figurent \u00e9galement sur la liste des objectifs poursuivis par ce projet.<\/p>\n<p>Cette seconde phase d\u2019une dur\u00e9e de 32 mois, est financ\u00e9e \u00e0 hauteur de 2 857 126 euros avec une contribution de 2 725 643,03 euros (environ 1 787 904 625 FCFA) de la R\u00e9publique F\u00e9d\u00e9rale d\u2019Allemagne et 131 483 euros (86 000 000 FCFA) du PNUD.<\/p>\n<p>\u00ab Les r\u00e9sultats obtenus lors de la premi\u00e8re phase, ont permis de convaincre nos partenaires, notamment la R\u00e9publique F\u00e9d\u00e9rale d\u2019Allemagne pour poursuivre la deuxi\u00e8me phase \u00bb, a expliqu\u00e9 \u00a0le Repr\u00e9sentant r\u00e9sident \u00a0du PNUD en C\u00f4te d\u2019Ivoire, Luc Jo\u00ebl Gr\u00e9goire.<\/p>\n<p>A son tour, l\u2019Ambassadeur de l\u2019Allemagne en C\u00f4te d\u2019Ivoire, Michael Grau a rappel\u00e9 que son pays est un \u00abpartenaire et ami fid\u00e8le de la C\u00f4te d\u2019Ivoire depuis 1962 \u00bb, c\u2019est pourquoi, a-t-il expliqu\u00e9, \u00ab l\u2019Allemagne veut coop\u00e9rer pour la paix \u00bb dans ce pays.<\/p>\n<p>Exprimant la \u00ab gratitude \u00bb du gouvernement ivoirien au PNUD, au HCR et \u00e0 l\u2019Allemagne qui est le \u00ab principal bailleur de ce projet \u00bb, la ministre Mariatou Kon\u00e9, a soutenu que \u00ab cette seconde phase du projet vient consolider les acquis de la premi\u00e8re phase\u00bb.<\/p>\n<p>Lanc\u00e9 en 2017 et cofinanc\u00e9 par la R\u00e9publique F\u00e9d\u00e9rale d\u2019Allemagne et le PNUD, le projet dans sa premi\u00e8re phase a permis l\u2019am\u00e9lioration des conditions de vie de plus 1600 personnes \u00e0 travers \u00a0des activit\u00e9s g\u00e9n\u00e9ratrices de revenus et la revitalisation de l\u2019\u00e9conomie \u00a0locale dans les zones de retour.<\/p>\n<p>Ce sont aussi plus de 45 000 personnes qui ont d\u00e9sormais acc\u00e8s \u00e0 des infrastructures sociales (point d\u2019eau, \u00e9coles et centre de sant\u00e9).<\/p>\n<p>La crise post\u00e9lectorale ivoirienne de 2010-2011 a occasionn\u00e9 pr\u00e8s de 300 000 d\u00e9plac\u00e9s dont la majorit\u00e9 a \u00abregagn\u00e9 la terre natale\u00bb dans le cadre de plusieurs programmes mis en place par le gouvernement.<\/p>\n<\/div>\n<p>Auteur: APA News<br \/>\n<a href=\"https:\/\/www.journalducameroun.com\/lallemagne-apporte-17-milliard-fcfa-pour-un-projet-de-lutte-contre-la-pauvrete-en-cote-divoire\/\">Cliquez ici pour lire l&rsquo;article depuis sa source.<\/a><\/p>\n","protected":false},"excerpt":{"rendered":"<p>Publi\u00e9 le 12.07.2019 \u00e0 17h18 par APA News La R\u00e9publique F\u00e9d\u00e9rale d\u2019Allemagne et le Programme des Nations Unies pour le d\u00e9veloppement (PNUD) ont sign\u00e9, vendredi \u00e0 Abidjan, un m\u00e9morandum d\u2019accord pour appuyer la lutte contre la pauvret\u00e9, le renforcement de la coh\u00e9sion sociale et la pr\u00e9vention des crises \u00e0 l\u2019Ouest et dans Sud-Ouest ivoirien.Cet accord [&hellip;]<\/p>\n","protected":false},"author":1965,"featured_media":0,"comment_status":"closed","ping_status":"closed","sticky":false,"template":"","format":"standard","meta":{"fifu_image_url":"","fifu_image_alt":"","footnotes":""},"categories":[73,82],"tags":[],"class_list":["post-45917","post","type-post","status-publish","format-standard","hentry","category-actualite","category-cameroun"],"_links":{"self":[{"href":"https:\/\/linitiative.ca\/International\/wp-json\/wp\/v2\/posts\/45917","targetHints":{"allow":["GET"]}}],"collection":[{"href":"https:\/\/linitiative.ca\/International\/wp-json\/wp\/v2\/posts"}],"about":[{"href":"https:\/\/linitiative.ca\/International\/wp-json\/wp\/v2\/types\/post"}],"author":[{"embeddable":true,"href":"https:\/\/linitiative.ca\/International\/wp-json\/wp\/v2\/users\/1965"}],"replies":[{"embeddable":true,"href":"https:\/\/linitiative.ca\/International\/wp-json\/wp\/v2\/comments?post=45917"}],"version-history":[{"count":0,"href":"https:\/\/linitiative.ca\/International\/wp-json\/wp\/v2\/posts\/45917\/revisions"}],"wp:attachment":[{"href":"https:\/\/linitiative.ca\/International\/wp-json\/wp\/v2\/media?parent=45917"}],"wp:term":[{"taxonomy":"category","embeddable":true,"href":"https:\/\/linitiative.ca\/International\/wp-json\/wp\/v2\/categories?post=45917"},{"taxonomy":"post_tag","embeddable":true,"href":"https:\/\/linitiative.ca\/International\/wp-json\/wp\/v2\/tags?post=45917"}],"curies":[{"name":"wp","href":"https:\/\/api.w.org\/{rel}","templated":true}]}}