{"id":45918,"date":"2019-07-12T12:50:02","date_gmt":"2019-07-12T16:50:02","guid":{"rendered":"https:\/\/linitiative.ca\/International\/xavier-niel-un-discret-mais-puissant-patron-de-medias-en-tous-genres\/"},"modified":"2019-07-12T12:50:02","modified_gmt":"2019-07-12T16:50:02","slug":"xavier-niel-un-discret-mais-puissant-patron-de-medias-en-tous-genres","status":"publish","type":"post","link":"https:\/\/linitiative.ca\/International\/xavier-niel-un-discret-mais-puissant-patron-de-medias-en-tous-genres\/","title":{"rendered":"Xavier Niel, un discret mais puissant patron de m\u00e9dias en tous genres"},"content":{"rendered":"<div readability=\"32\">\n<p>Publi\u00e9 le 12.07.2019 \u00e0 17h50 par AFP<\/p>\n<\/div>\n<div readability=\"107\">\n<p>Le patron de Free, Xavier Niel, qui vient de confirmer qu\u2019il prenait le contr\u00f4le de 34% de Nice-Matin, a d\u00e9velopp\u00e9 son portefeuille de m\u00e9dias ces derni\u00e8res ann\u00e9es, alternant les investissements massifs dans les m\u00e9dias traditionnels et coups de pouce \u00e0 de nouveaux venus.<\/p>\n<p>En 2010, il prend le contr\u00f4le de 75% du groupe Le Monde avec Pierre Berg\u00e9 et le banquier Matthieu Pigasse, renflouant de pr\u00e8s de 120 millions d\u2019euros le groupe au bord de la faillite. Depuis, le groupe a rachet\u00e9 le Nouvel Obs, a tent\u00e9 d\u2019acqu\u00e9rir LCI, mais est surtout redevenu rentable apr\u00e8s des ann\u00e9es de crise.<\/p>\n<p>Si\u00e9geant au conseil de surveillance du journal, Xavier Niel, 51 ans, et les autres actionnaires ont \u00ab\u00a0respect\u00e9 leurs engagements de ne pas interf\u00e9rer avec la ligne \u00e9ditoriale\u00a0\u00bb, indique Paul Benkimoun, pr\u00e9sident de la soci\u00e9t\u00e9 des r\u00e9dacteurs du Monde.<\/p>\n<p>Matthieu Pigasse et Xavier Niel ont rachet\u00e9 les parts de Pierre Berg\u00e9 apr\u00e8s son d\u00e9c\u00e8s en 2017.<\/p>\n<p>Avec Matthieu Pigasse toujours, mais aussi avec le producteur Pierre-Antoine Capton, Xavier Niel a fond\u00e9 en autre g\u00e9ant en 2015: la soci\u00e9t\u00e9 d\u2019investissement Mediawan, qui avait lev\u00e9 205 millions d\u2019euros \u00e0 son lancement, et devenue en quelques ann\u00e9es la championne de la production de fictions hexagonales audiovisuelles (\u00ab\u00a0Les bracelets rouges\u00a0\u00bb, \u00ab\u00a0Les rivi\u00e8res pourpres\u00a0\u00bb\u2026). Le groupe compte devenir le \u00ab\u00a0leader europ\u00e9en des contenus\u00a0\u00bb.<\/p>\n<p>A travers son groupe de t\u00e9l\u00e9coms, Free, M. Niel joue par ailleurs un r\u00f4le grandissant dans le paysage audiovisuel. Il se trouve actuellement en conflit avec le groupe Altice (BFMTV, RMC D\u00e9couverte), dont il ne veut pas payer la diffusion sur ses box.<\/p>\n<p>A c\u00f4t\u00e9 de ces lourds investissements, Xavier Niel a soutenu \u00e0 titre minoritaire de nombreuses startups de m\u00e9dias: d\u2019Atlantico aux sites Les Jours et Marsactu, en passant par Mediapart, \u00e0 travers la Soci\u00e9t\u00e9 des amis du site d\u2019actualit\u00e9s, dont il poss\u00e8de 17,58% (soit 3% du capital de Mediapart).<\/p>\n<p>Il est aussi pressenti pour investir dans l\u2019application de TV Molotov.<\/p>\n<p>Via son fonds Kima, il a \u00e9galement investi dans la plateforme italienne Freeda ou dans l\u2019offre de podcasts Majelan.<\/p>\n<p>A ces participations s\u2019ajoutent donc d\u00e9sormais celle dans Nice Matin: M. Niel a annonc\u00e9 ce vendredi avoir, via sa holding personnelle NJJ, pris le contr\u00f4le de 34% de Nice-Matin en rachetant 51% d\u2019Avenir Developpement, la holding du groupe belge Nethys qui poss\u00e9dait cette part du quotidien r\u00e9gional depuis 2016. Les autres 66% de Nice Matin sont d\u00e9tenus par les salari\u00e9s du journal via une SCIC, une coop\u00e9rative dans laquelle ils avaient investi leur 13e mois en 2014.<\/p>\n<p>Avec cette prise de contr\u00f4le d\u2019Avenir D\u00e9veloppement, M. Niel dispose \u00e9galement de 11% du capital du groupe La Provence, dont l\u2019actionnaire majoritaire est Bernard Tapie.<\/p>\n<\/div>\n<p>Auteur: AFP<br \/>\n<a href=\"https:\/\/www.journalducameroun.com\/xavier-niel-un-discret-mais-puissant-patron-de-medias-en-tous-genres\/\">Cliquez ici pour lire l&rsquo;article depuis sa source.<\/a><\/p>\n","protected":false},"excerpt":{"rendered":"<p>Publi\u00e9 le 12.07.2019 \u00e0 17h50 par AFP Le patron de Free, Xavier Niel, qui vient de confirmer qu\u2019il prenait le contr\u00f4le de 34% de Nice-Matin, a d\u00e9velopp\u00e9 son portefeuille de m\u00e9dias ces derni\u00e8res ann\u00e9es, alternant les investissements massifs dans les m\u00e9dias traditionnels et coups de pouce \u00e0 de nouveaux venus. En 2010, il prend le [&hellip;]<\/p>\n","protected":false},"author":1965,"featured_media":0,"comment_status":"closed","ping_status":"closed","sticky":false,"template":"","format":"standard","meta":{"fifu_image_url":"","fifu_image_alt":"","footnotes":""},"categories":[73,82],"tags":[],"class_list":["post-45918","post","type-post","status-publish","format-standard","hentry","category-actualite","category-cameroun"],"_links":{"self":[{"href":"https:\/\/linitiative.ca\/International\/wp-json\/wp\/v2\/posts\/45918","targetHints":{"allow":["GET"]}}],"collection":[{"href":"https:\/\/linitiative.ca\/International\/wp-json\/wp\/v2\/posts"}],"about":[{"href":"https:\/\/linitiative.ca\/International\/wp-json\/wp\/v2\/types\/post"}],"author":[{"embeddable":true,"href":"https:\/\/linitiative.ca\/International\/wp-json\/wp\/v2\/users\/1965"}],"replies":[{"embeddable":true,"href":"https:\/\/linitiative.ca\/International\/wp-json\/wp\/v2\/comments?post=45918"}],"version-history":[{"count":0,"href":"https:\/\/linitiative.ca\/International\/wp-json\/wp\/v2\/posts\/45918\/revisions"}],"wp:attachment":[{"href":"https:\/\/linitiative.ca\/International\/wp-json\/wp\/v2\/media?parent=45918"}],"wp:term":[{"taxonomy":"category","embeddable":true,"href":"https:\/\/linitiative.ca\/International\/wp-json\/wp\/v2\/categories?post=45918"},{"taxonomy":"post_tag","embeddable":true,"href":"https:\/\/linitiative.ca\/International\/wp-json\/wp\/v2\/tags?post=45918"}],"curies":[{"name":"wp","href":"https:\/\/api.w.org\/{rel}","templated":true}]}}