{"id":45919,"date":"2019-07-12T12:50:03","date_gmt":"2019-07-12T16:50:03","guid":{"rendered":"https:\/\/linitiative.ca\/International\/syrie-assad-promet-de-poursuivre-les-efforts-pour-former-un-comite-consitutionnel\/"},"modified":"2019-07-12T12:50:03","modified_gmt":"2019-07-12T16:50:03","slug":"syrie-assad-promet-de-poursuivre-les-efforts-pour-former-un-comite-consitutionnel","status":"publish","type":"post","link":"https:\/\/linitiative.ca\/International\/syrie-assad-promet-de-poursuivre-les-efforts-pour-former-un-comite-consitutionnel\/","title":{"rendered":"Syrie: Assad promet de \u00ab\u00a0poursuivre\u00a0\u00bb les efforts pour former un comit\u00e9 consitutionnel"},"content":{"rendered":"<div readability=\"32\">\n<p>Publi\u00e9 le 12.07.2019 \u00e0 17h50 par AFP<\/p>\n<\/div>\n<div readability=\"102\">\n<p>Le pr\u00e9sident syrien Bachar al-Assad a promis vendredi de \u00ab\u00a0poursuivre\u00a0\u00bb les efforts pour la formation d\u2019un comit\u00e9 constitutionnel, exig\u00e9 par l\u2019ONU en vue d\u2019un r\u00e8glement politique du conflit syrien, \u00e0 l\u2019issue d\u2019une rencontre avec l\u2019envoy\u00e9 sp\u00e9cial du pr\u00e9sident russe pour la Syrie.<\/p>\n<p>Cette rencontre avec Alexander Lavrentiev intervient deux jours apr\u00e8s la visite de l\u2019\u00e9missaire de l\u2019ONU pour la Syrie, Geir Pedersen, au cours de laquelle Damas a annonc\u00e9, apr\u00e8s des mois de blocage, des \u00ab\u00a0progr\u00e8s\u00a0\u00bb vers la formation d\u2019un comit\u00e9 charg\u00e9 de la r\u00e9daction de la constitution pour l\u2019apr\u00e8s-guerre.<\/p>\n<p>La r\u00e9union avec l\u2019envoy\u00e9 sp\u00e9cial russe \u00ab\u00a0a port\u00e9 sur les efforts en cours pour progresser sur la voie (d\u2019un r\u00e8glement) politique, notamment en ce qui concerne la cr\u00e9ation d\u2019un comit\u00e9 charg\u00e9 de discuter de la constitution, ainsi que des m\u00e9canismes et proc\u00e9dures de travail\u00a0\u00bb de ce comit\u00e9, a indiqu\u00e9 la pr\u00e9sidence syrienne dans un communiqu\u00e9.<\/p>\n<p>Louant les progr\u00e8s \u00ab\u00a0importants\u00a0\u00bb r\u00e9alis\u00e9s jusque-l\u00e0, les deux hommes ont convenu de \u00ab\u00a0poursuivre le travail et la coordination (\u2026) en vue d\u2019atteindre les r\u00e9sultats escompt\u00e9s\u00a0\u00bb, a ajout\u00e9 la pr\u00e9sidence syrienne.<\/p>\n<p>Les opposants au r\u00e9gime syrien souhaitent \u00e9crire enti\u00e8rement une nouvelle Constitution, tandis que Damas ne consent qu\u2019\u00e0 quelques amendements.<\/p>\n<p>Le comit\u00e9 constitutionnel est pr\u00e9vu par la r\u00e9solution 2254 du Conseil de s\u00e9curit\u00e9 de l\u2019ONU qui appelle \u00e0 un cessez-le-feu et \u00e0 une transition politique. Selon le plan propos\u00e9, il doit \u00eatre constitu\u00e9 de 150 membres, 50 choisis par le r\u00e9gime, 50 par l\u2019opposition et 50 par l\u2019\u00e9missaire de l\u2019ONU.<\/p>\n<p>Sa cr\u00e9ation a achopp\u00e9 sur le rejet par Damas d\u2019une partie des nominations soumises par les Nations unies.<\/p>\n<p>Mercredi M. Pedersen a \u00e9voqu\u00e9 \u00ab\u00a0de bons progr\u00e8s\u00a0\u00bb et affirm\u00e9 que les deux c\u00f4t\u00e9s \u00e9taient \u00ab\u00a0plus proches d\u2019un accord\u00a0\u00bb. Le lendemain, il a rencontr\u00e9 \u00e0 Istanbul une d\u00e9l\u00e9gation du Comit\u00e9 des n\u00e9gociations syriennes (CNS), qui repr\u00e9sente les principaux groupes d\u2019opposition.<\/p>\n<p>Les discussions ont \u00ab\u00a0port\u00e9 sur les r\u00e9sultats de la r\u00e9cente visite de M. Pedersen \u00e0 Damas\u00a0\u00bb, a indiqu\u00e9 le CNS sur Twitter.<\/p>\n<p>L\u2019\u00e9missaire onusien, qui a pris ses fonctions en janvier, esp\u00e8re relancer le processus de paix, dans l\u2019impasse apr\u00e8s plus de huit ans de guerre.<\/p>\n<p>Son pr\u00e9d\u00e9cesseur Staffan de Mistura avait tent\u00e9 de former un comit\u00e9 constitutionnel.<\/p>\n<p>De nombreux cycles de pourparlers men\u00e9s par l\u2019ONU ont tent\u00e9 en vain de mettre fin au conflit qui a fait plus de 370.000 morts et pouss\u00e9 des millions de personnes sur les routes de l\u2019exil depuis 2011.<\/p>\n<p>Ces derni\u00e8res ann\u00e9es, des n\u00e9gociations parall\u00e8les ont aussi \u00e9t\u00e9 men\u00e9es sous l\u2019\u00e9gide de l\u2019alli\u00e9 russe du r\u00e9gime syrien et de la Turquie, qui soutient des groupes rebelles.<\/p>\n<\/div>\n<p>Auteur: AFP<br \/>\n<a href=\"https:\/\/www.journalducameroun.com\/syrie-assad-promet-de-poursuivre-les-efforts-pour-former-un-comite-consitutionnel\/\">Cliquez ici pour lire l&rsquo;article depuis sa source.<\/a><\/p>\n","protected":false},"excerpt":{"rendered":"<p>Publi\u00e9 le 12.07.2019 \u00e0 17h50 par AFP Le pr\u00e9sident syrien Bachar al-Assad a promis vendredi de \u00ab\u00a0poursuivre\u00a0\u00bb les efforts pour la formation d\u2019un comit\u00e9 constitutionnel, exig\u00e9 par l\u2019ONU en vue d\u2019un r\u00e8glement politique du conflit syrien, \u00e0 l\u2019issue d\u2019une rencontre avec l\u2019envoy\u00e9 sp\u00e9cial du pr\u00e9sident russe pour la Syrie. Cette rencontre avec Alexander Lavrentiev intervient [&hellip;]<\/p>\n","protected":false},"author":1965,"featured_media":0,"comment_status":"closed","ping_status":"closed","sticky":false,"template":"","format":"standard","meta":{"fifu_image_url":"","fifu_image_alt":"","footnotes":""},"categories":[73,82],"tags":[],"class_list":["post-45919","post","type-post","status-publish","format-standard","hentry","category-actualite","category-cameroun"],"_links":{"self":[{"href":"https:\/\/linitiative.ca\/International\/wp-json\/wp\/v2\/posts\/45919","targetHints":{"allow":["GET"]}}],"collection":[{"href":"https:\/\/linitiative.ca\/International\/wp-json\/wp\/v2\/posts"}],"about":[{"href":"https:\/\/linitiative.ca\/International\/wp-json\/wp\/v2\/types\/post"}],"author":[{"embeddable":true,"href":"https:\/\/linitiative.ca\/International\/wp-json\/wp\/v2\/users\/1965"}],"replies":[{"embeddable":true,"href":"https:\/\/linitiative.ca\/International\/wp-json\/wp\/v2\/comments?post=45919"}],"version-history":[{"count":0,"href":"https:\/\/linitiative.ca\/International\/wp-json\/wp\/v2\/posts\/45919\/revisions"}],"wp:attachment":[{"href":"https:\/\/linitiative.ca\/International\/wp-json\/wp\/v2\/media?parent=45919"}],"wp:term":[{"taxonomy":"category","embeddable":true,"href":"https:\/\/linitiative.ca\/International\/wp-json\/wp\/v2\/categories?post=45919"},{"taxonomy":"post_tag","embeddable":true,"href":"https:\/\/linitiative.ca\/International\/wp-json\/wp\/v2\/tags?post=45919"}],"curies":[{"name":"wp","href":"https:\/\/api.w.org\/{rel}","templated":true}]}}