{"id":45920,"date":"2019-07-12T12:50:05","date_gmt":"2019-07-12T16:50:05","guid":{"rendered":"https:\/\/linitiative.ca\/International\/nouveau-depart-dans-lequipe-trump-son-ministre-du-travail-jette-leponge\/"},"modified":"2019-07-12T12:50:05","modified_gmt":"2019-07-12T16:50:05","slug":"nouveau-depart-dans-lequipe-trump-son-ministre-du-travail-jette-leponge","status":"publish","type":"post","link":"https:\/\/linitiative.ca\/International\/nouveau-depart-dans-lequipe-trump-son-ministre-du-travail-jette-leponge\/","title":{"rendered":"Nouveau d\u00e9part dans l\u2019\u00e9quipe Trump: son ministre du travail jette l\u2019\u00e9ponge"},"content":{"rendered":"<div readability=\"32\">\n<p>Publi\u00e9 le 12.07.2019 \u00e0 17h50 par AFP<\/p>\n<\/div>\n<div readability=\"135\">\n<p>La cascade de d\u00e9parts dans l\u2019\u00e9quipe Trump se poursuit: le ministre du Travail Alexander Acosta, dans la tourmente pour sa gestion d\u2019une affaire d\u2019abus sexuels il y a une dizaine d\u2019ann\u00e9es, a annonc\u00e9 vendredi sa d\u00e9mission.<\/p>\n<p>Ce d\u00e9part renforce l\u2019image d\u2019une \u00e9quipe gouvernementale instable, peinant toujours, deux ans et demi apr\u00e8s l\u2019arriv\u00e9e de Donald Trump au pouvoir, \u00e0 trouver un v\u00e9ritable rythme de croisi\u00e8re tant elle min\u00e9e par les scandales et les pol\u00e9miques.<\/p>\n<p>M. Acosta se voyait reprocher depuis plusieurs jours d\u2019avoir en 2008, alors qu\u2019il \u00e9tait procureur f\u00e9d\u00e9ral en Floride, n\u00e9goci\u00e9 un accord en justice jug\u00e9 trop favorable \u00e0 Jeffrey Epstein, riche investisseur en fonds sp\u00e9culatifs.<\/p>\n<p>M. Epstein a de nouveau \u00e9t\u00e9 inculp\u00e9 lundi \u00e0 New York d\u2019exploitation sexuelle de dizaines de mineures. Il encourt jusqu\u2019\u00e0 45 ans de prison.<\/p>\n<p>\u00ab\u00a0J\u2019ai appel\u00e9 le pr\u00e9sident ce matin pour lui dire que je pensais que d\u00e9missionner \u00e9tait la meilleure chose \u00e0 faire\u00a0\u00bb, a d\u00e9clar\u00e9 M. Acosta depuis les jardins de la Maison Blanche.<\/p>\n<p>Debout \u00e0 ses c\u00f4t\u00e9s, le pr\u00e9sident am\u00e9ricain a longuement d\u00e9nonc\u00e9 le r\u00f4le de la presse et rendu un hommage tr\u00e8s appuy\u00e9 \u00e0 son ministre sortant.<\/p>\n<p>\u00ab\u00a0Le fait est qu\u2019il a \u00e9t\u00e9 un fantastique ministre du Travail\u00a0\u00bb, a-t-il martel\u00e9, louant un homme \u00ab\u00a0tr\u00e8s dou\u00e9\u00a0\u00bb qui \u00ab\u00a0est all\u00e9 \u00e0 Harvard\u00a0\u00bb.<\/p>\n<p>Mercredi, M. Acosta avait, lors d\u2019une conf\u00e9rence de presse tendue, longuement d\u00e9fendu sa gestion du dossier Epstein.<\/p>\n<p>Le ministre a affirm\u00e9 qu\u2019en 2008 \u2013lorsqu\u2019il \u00e9tait procureur f\u00e9d\u00e9ral en Floride\u2013 son \u00e9quipe avait opt\u00e9 pour cet accord car elle craignait de le voir sortir libre s\u2019ils poussaient jusqu\u2019au proc\u00e8s en maintenant les chefs d\u2019inculpation plus graves.<\/p>\n<p>\u00ab\u00a0Notre but \u00e9tait clair\u00a0\u00bb, a d\u00e9clar\u00e9 M. Acosta: \u00ab\u00a0Mettre Epstein en prison, nous assurer qu\u2019il soit inscrit sur la liste des d\u00e9linquants sexuels, donner aux victimes les moyens de demander r\u00e9parations\u00a0\u00bb.<\/p>\n<p>En fait, l\u2019accord n\u00e9goci\u00e9 par les procureurs sous l\u2019\u00e9gide de M. Acosta avait \u00e0 l\u2019\u00e9poque \u00e9vit\u00e9 un proc\u00e8s d\u00e9gradant \u00e0 Jeffrey Epstein, tenu \u00e0 l\u2019\u00e9cart ses victimes et pr\u00e9vu des conditions particuli\u00e8rement favorables d\u2019am\u00e9nagement de sa peine de d\u00e9tention.<\/p>\n<p>\u2013 \u00ab\u00a0Pas un fan d\u2019Epstein\u00a0\u00bb \u2013<\/p>\n<p>Les t\u00e9moignages, ces derniers jours, de plusieurs des accusatrices du financier ont contribu\u00e9 \u00e0 braquer un peu plus les projecteurs sur ce dossier.<\/p>\n<p>\u00ab\u00a0Il m\u2019a viol\u00e9e, brutalement viol\u00e9e\u00a0\u00bb, a d\u00e9clar\u00e9 Jennifer Araoz, dans un entretien diffus\u00e9 par NBC, racontant comment elle avait \u00e9t\u00e9 \u00ab\u00a0recrut\u00e9e\u00a0\u00bb devant son \u00e9tablissement scolaire \u00e0 New York par une jeune femme,\u00e0 l\u2019automne 2001, lorsqu\u2019elle avait 14 ans.<\/p>\n<p>Cette rencontre l\u2019avait men\u00e9e \u00e0 se rendre \u00e0 plusieurs reprises chez M. Epstein qui avait d\u2019abord commenc\u00e9 \u00e0 la payer pour des massages, qu\u2019elle faisait en sous-v\u00eatements pendant qu\u2019il se masturbait. Jusqu\u2019au jour de son viol pr\u00e9sum\u00e9, en 2002.<\/p>\n<p>\u00ab\u00a0C\u2019est un homme nocif et il faut qu\u2019il se retrouve derri\u00e8re les barreaux\u00a0\u00bb, a affirm\u00e9 M. Acosta devant la presse. \u00ab\u00a0Ses actes m\u00e9ritaient tout \u00e0 fait une peine plus dure\u00a0\u00bb, a-t-il reconnu.<\/p>\n<p>Cette affaire a pris un relief particulier car M. Epstein \u00e9tait proche de nombre de c\u00e9l\u00e9brit\u00e9s et de politiques, parmi lesquels avec Donald Trump, l\u2019ex-pr\u00e9sident d\u00e9mocrate Bill Clinton ou encore le prince Andrew, fils de la reine Elizabeth II.<\/p>\n<p>Vendredi, M. Trump a une nouvelle fois insist\u00e9 sur le fait qu\u2019il avait coup\u00e9 les ponts avec ce dernier depuis plusieurs ann\u00e9es.<\/p>\n<p>\u00ab\u00a0Je n\u2019\u00e9tais pas un fan de Jeffrey Epstein. Ce n\u2019est pas quelqu\u2019un que je respectais\u00a0\u00bb, a-t-il r\u00e9p\u00e9t\u00e9, avant de s\u2019envoler pour le Wisconsin o\u00f9 il devait lever des fonds en vue de la pr\u00e9sidentielle de 2020.<\/p>\n<\/div>\n<p>Auteur: AFP<br \/>\n<a href=\"https:\/\/www.journalducameroun.com\/nouveau-depart-dans-lequipe-trump-son-ministre-du-travail-jette-leponge\/\">Cliquez ici pour lire l&rsquo;article depuis sa source.<\/a><\/p>\n","protected":false},"excerpt":{"rendered":"<p>Publi\u00e9 le 12.07.2019 \u00e0 17h50 par AFP La cascade de d\u00e9parts dans l\u2019\u00e9quipe Trump se poursuit: le ministre du Travail Alexander Acosta, dans la tourmente pour sa gestion d\u2019une affaire d\u2019abus sexuels il y a une dizaine d\u2019ann\u00e9es, a annonc\u00e9 vendredi sa d\u00e9mission. Ce d\u00e9part renforce l\u2019image d\u2019une \u00e9quipe gouvernementale instable, peinant toujours, deux ans [&hellip;]<\/p>\n","protected":false},"author":1965,"featured_media":0,"comment_status":"closed","ping_status":"closed","sticky":false,"template":"","format":"standard","meta":{"fifu_image_url":"","fifu_image_alt":"","footnotes":""},"categories":[73,82],"tags":[],"class_list":["post-45920","post","type-post","status-publish","format-standard","hentry","category-actualite","category-cameroun"],"_links":{"self":[{"href":"https:\/\/linitiative.ca\/International\/wp-json\/wp\/v2\/posts\/45920","targetHints":{"allow":["GET"]}}],"collection":[{"href":"https:\/\/linitiative.ca\/International\/wp-json\/wp\/v2\/posts"}],"about":[{"href":"https:\/\/linitiative.ca\/International\/wp-json\/wp\/v2\/types\/post"}],"author":[{"embeddable":true,"href":"https:\/\/linitiative.ca\/International\/wp-json\/wp\/v2\/users\/1965"}],"replies":[{"embeddable":true,"href":"https:\/\/linitiative.ca\/International\/wp-json\/wp\/v2\/comments?post=45920"}],"version-history":[{"count":0,"href":"https:\/\/linitiative.ca\/International\/wp-json\/wp\/v2\/posts\/45920\/revisions"}],"wp:attachment":[{"href":"https:\/\/linitiative.ca\/International\/wp-json\/wp\/v2\/media?parent=45920"}],"wp:term":[{"taxonomy":"category","embeddable":true,"href":"https:\/\/linitiative.ca\/International\/wp-json\/wp\/v2\/categories?post=45920"},{"taxonomy":"post_tag","embeddable":true,"href":"https:\/\/linitiative.ca\/International\/wp-json\/wp\/v2\/tags?post=45920"}],"curies":[{"name":"wp","href":"https:\/\/api.w.org\/{rel}","templated":true}]}}