{"id":45921,"date":"2019-07-12T13:50:01","date_gmt":"2019-07-12T17:50:01","guid":{"rendered":"https:\/\/linitiative.ca\/International\/au-mozambique-devaste-par-les-cyclones-guterres-plaide-pour-la-fin-des-energies-fossiles\/"},"modified":"2019-07-12T13:50:01","modified_gmt":"2019-07-12T17:50:01","slug":"au-mozambique-devaste-par-les-cyclones-guterres-plaide-pour-la-fin-des-energies-fossiles","status":"publish","type":"post","link":"https:\/\/linitiative.ca\/International\/au-mozambique-devaste-par-les-cyclones-guterres-plaide-pour-la-fin-des-energies-fossiles\/","title":{"rendered":"Au Mozambique d\u00e9vast\u00e9 par les cyclones, Guterres plaide pour la fin des \u00e9nergies fossiles"},"content":{"rendered":"<div readability=\"32\">\n<p>Publi\u00e9 le 12.07.2019 \u00e0 18h50 par AFP<\/p>\n<\/div>\n<div readability=\"121\">\n<p>Le secr\u00e9taire g\u00e9n\u00e9ral de l\u2019ONU Antonio Guterres s\u2019est livr\u00e9 \u00e0 un vibrant plaidoyer pour la lutte contre le r\u00e9chauffement climatique tenu responsable du passage d\u00e9vastateur du cyclone Idai sur la ville de Beira au Mozambique o\u00f9 il s\u2019est rendu vendredi.<\/p>\n<p>\u00ab\u00a0Le Mozambique devrait servir d\u2019avertissement au monde entier\u00a0\u00bb, a d\u00e9clar\u00e9 M. Guterres devant la presse. \u00ab\u00a0Le monde doit cesser de subventionner les \u00e9nergies fossiles\u00a0\u00bb, a-t-il insist\u00e9, appelant les grands pays \u00e0 \u00ab\u00a0s\u2019engager \u00e0 des compromis ambitieux contre le r\u00e9chauffement climatique\u00a0\u00bb.<\/p>\n<p>La communaut\u00e9 internationale a confirm\u00e9 fin 2018 en Pologne son engagement \u00e0 limiter \u00e0 +2\u00b0 Celsius le r\u00e9chauffement climatique mais les scientifiques assurent que cet objectif ne sera pas tenu faute de mesures plus ambitieuses.<\/p>\n<p>En mars dernier, le cyclone Idai a balay\u00e9 Beira (centre), la deuxi\u00e8me ville du Mozambique, y faisant plus de 600 morts et y laissant des centaines de milliers personnes de sans-abri.<\/p>\n<p>Six semaines plus tard, le cyclone Kenneth a frapp\u00e9 \u00e0 son tour la province mozambicaine du Cabo Delgado (nord), \u00e0 la fronti\u00e8re de la Tanzanie, causant plus de 50 victimes et d\u2019importantes destructions le long des c\u00f4tes.<\/p>\n<p>Selon la Banque mondiale, le Mozambique, avec ses plus de 2.000 km de c\u00f4tes le long de l\u2019oc\u00e9an Indien, figure dans la liste des dix pays de la plan\u00e8te les plus menac\u00e9s par les cons\u00e9quences du changement climatique.<\/p>\n<p>Quatre mois apr\u00e8s le passage d\u2019Idai, le patron des Nations unies a visit\u00e9 \u00e0 Beira le camp de Mandruzi, o\u00f9 480 familles sans-abri y ont \u00e9t\u00e9 relog\u00e9es dans un village de tentes.<\/p>\n<p>Leurs conditions de vie sont toujours tr\u00e8s pr\u00e9caires.<\/p>\n<p>\u2013 \u2018Pas assez \u00e0 manger\u2019 \u2013<\/p>\n<p>\u00ab\u00a0Mon mari a disparu la nuit du passage du cyclone. Je ne sais toujours pas s\u2019il est mort car son corps n\u2019a jamais \u00e9t\u00e9 retrouv\u00e9\u00a0\u00bb, a t\u00e9moign\u00e9 Marta Muchanga, une m\u00e8re de famille, \u00ab\u00a0je tresse des cheveux pour survivre et nourrir mes deux enfants.\u00a0\u00bb<\/p>\n<p>\u00ab\u00a0Notre principale pr\u00e9occupation est la faim\u00a0\u00bb, a affirm\u00e9 le chef du village, Jonas Chicote. \u00ab\u00a0Les distributions de nourriture ne sont pas r\u00e9guli\u00e8res, nous ne recevons \u00e0 manger que lorsque nous avons des visiteurs de marque\u00a0\u00bb, a-t-il d\u00e9plor\u00e9.<\/p>\n<p>Comme la veille \u00e0 Maputo, M. Guterres a \u00e0 nouveau exhort\u00e9 vendredi les donateurs internationaux \u00e0 accro\u00eetre leur aide.<\/p>\n<p>\u00ab\u00a0J\u2019ai lanc\u00e9 plusieurs appels au monde pour qu\u2019il se mobilise et vienne en aide au Mozambique mais avons toujours besoin de plus\u00a0\u00bb, a-t-il indiqu\u00e9.<\/p>\n<p>Lors d\u2019une conf\u00e9rence organis\u00e9e il y a un mois, les donateurs internationaux s\u2019\u00e9taient engag\u00e9s \u00e0 verser 1,2 milliard de dollars pour soutenir les travaux de reconstruction du pays apr\u00e8s le passage d\u2019Idai et Kenneth sur ses c\u00f4tes.<\/p>\n<p>Les Nations unies avaient alors estim\u00e9 qu\u2019un total de 3,2 milliards de dollars \u00e9taient n\u00e9cessaires pour y parvenir.<\/p>\n<p>Malgr\u00e9 la lenteur des op\u00e9rations de reconstruction engag\u00e9es \u00e0 Beira, le secr\u00e9taire g\u00e9n\u00e9ral de l\u2019ONU s\u2019est d\u00e9clar\u00e9 \u00ab\u00a0impressionn\u00e9 par le degr\u00e9 de destruction (de la ville) mais aussi par la capacit\u00e9 des Mozambicains \u00e0 se relever des d\u00e9sastres\u00a0\u00bb. \u00ab\u00a0Partout j\u2019ai vu des gens en train de reb\u00e2tir leur vie\u00a0\u00bb, s\u2019est-il r\u00e9joui.<\/p>\n<p>Selon l\u2019ONU, pr\u00e8s de 2 millions de personnes vivent encore aujourd\u2019hui de l\u2019aide internationale au Mozambique, au Zimbabwe et au Malawi, tous touch\u00e9s par le cyclone Idai.<\/p>\n<\/div>\n<p>Auteur: AFP<br \/>\n<a href=\"https:\/\/www.journalducameroun.com\/au-mozambique-devaste-par-les-cyclones-guterres-plaide-pour-la-fin-des-energies-fossiles\/\">Cliquez ici pour lire l&rsquo;article depuis sa source.<\/a><\/p>\n","protected":false},"excerpt":{"rendered":"<p>Publi\u00e9 le 12.07.2019 \u00e0 18h50 par AFP Le secr\u00e9taire g\u00e9n\u00e9ral de l\u2019ONU Antonio Guterres s\u2019est livr\u00e9 \u00e0 un vibrant plaidoyer pour la lutte contre le r\u00e9chauffement climatique tenu responsable du passage d\u00e9vastateur du cyclone Idai sur la ville de Beira au Mozambique o\u00f9 il s\u2019est rendu vendredi. \u00ab\u00a0Le Mozambique devrait servir d\u2019avertissement au monde entier\u00a0\u00bb, [&hellip;]<\/p>\n","protected":false},"author":1965,"featured_media":0,"comment_status":"closed","ping_status":"closed","sticky":false,"template":"","format":"standard","meta":{"fifu_image_url":"","fifu_image_alt":"","footnotes":""},"categories":[73,82],"tags":[],"class_list":["post-45921","post","type-post","status-publish","format-standard","hentry","category-actualite","category-cameroun"],"_links":{"self":[{"href":"https:\/\/linitiative.ca\/International\/wp-json\/wp\/v2\/posts\/45921","targetHints":{"allow":["GET"]}}],"collection":[{"href":"https:\/\/linitiative.ca\/International\/wp-json\/wp\/v2\/posts"}],"about":[{"href":"https:\/\/linitiative.ca\/International\/wp-json\/wp\/v2\/types\/post"}],"author":[{"embeddable":true,"href":"https:\/\/linitiative.ca\/International\/wp-json\/wp\/v2\/users\/1965"}],"replies":[{"embeddable":true,"href":"https:\/\/linitiative.ca\/International\/wp-json\/wp\/v2\/comments?post=45921"}],"version-history":[{"count":0,"href":"https:\/\/linitiative.ca\/International\/wp-json\/wp\/v2\/posts\/45921\/revisions"}],"wp:attachment":[{"href":"https:\/\/linitiative.ca\/International\/wp-json\/wp\/v2\/media?parent=45921"}],"wp:term":[{"taxonomy":"category","embeddable":true,"href":"https:\/\/linitiative.ca\/International\/wp-json\/wp\/v2\/categories?post=45921"},{"taxonomy":"post_tag","embeddable":true,"href":"https:\/\/linitiative.ca\/International\/wp-json\/wp\/v2\/tags?post=45921"}],"curies":[{"name":"wp","href":"https:\/\/api.w.org\/{rel}","templated":true}]}}