{"id":45922,"date":"2019-07-12T14:18:02","date_gmt":"2019-07-12T18:18:02","guid":{"rendered":"https:\/\/linitiative.ca\/International\/developpement-durable-12-millions-deuros-de-la-france-et-de-lue-pour-la-mauritanie\/"},"modified":"2019-07-12T14:18:02","modified_gmt":"2019-07-12T18:18:02","slug":"developpement-durable-12-millions-deuros-de-la-france-et-de-lue-pour-la-mauritanie","status":"publish","type":"post","link":"https:\/\/linitiative.ca\/International\/developpement-durable-12-millions-deuros-de-la-france-et-de-lue-pour-la-mauritanie\/","title":{"rendered":"D\u00e9veloppement durable: 12 millions d\u2019euros de la France et de l\u2019UE pour la Mauritanie"},"content":{"rendered":"<div readability=\"32\">\n<p>Publi\u00e9 le 12.07.2019 \u00e0 19h18 par APA News<\/p>\n<\/div>\n<div readability=\"64\">\n<p>La Mauritanie a obtenu une subvention conjointe de 12 millions d\u2019euros de la France et de l\u2019Union europ\u00e9enne destin\u00e9e au d\u00e9veloppement durable dans les zones rurales du pays, a-t-on constat\u00e9 vendredi \u00e0 Nouakchott.<br \/>Cette subvention permettra de financer une partie du programme d\u2019appui aux investissements productifs dans le domaine de l\u2019\u00e9nergie.<\/p>\n<p>Mobilis\u00e9 dans le cadre de la coalition du Sahel au profit de ce programme, le financement a fait l\u2019objet de deux conventions sign\u00e9es vendredi \u00e0 Nouakchott du c\u00f4t\u00e9 mauritanien par le ministre de l\u2019Economie et des Finances, Moctar Ould Diay.<\/p>\n<p>Du c\u00f4t\u00e9 fran\u00e7ais, les deux conventions ont \u00e9t\u00e9 sign\u00e9es par l\u2019ambassadeur et le directeur de l\u2019Agence fran\u00e7aise de d\u00e9veloppement (AFD), respectivement Robert Moulli\u00e9 et Lionel Yondo.<\/p>\n<p>Ce financement profitera aux populations dans 3 r\u00e9gions frontali\u00e8res et recul\u00e9es dans l\u2019est du pays, a soulign\u00e9 Ould Diay dans un mot \u00e0 la c\u00e9r\u00e9monie de signature.<\/p>\n<p>Les r\u00e9gions b\u00e9n\u00e9ficiaires, a-t-il expliqu\u00e9, se caract\u00e9risent par leur vocation hautement agro-pastorale et sont parfaitement r\u00e9ceptives \u00e0 la cr\u00e9ation des conditions favorables \u00e0 un d\u00e9veloppement \u00e9conomique et social durable.<\/p>\n<p>Selon le ministre, les projets programm\u00e9s sont de nature \u00e0 appuyer les efforts d\u00e9ploy\u00e9s par le gouvernement mauritanien en mati\u00e8re d\u2019\u00e9lectrification rurale pour r\u00e9duire les disparit\u00e9s entre les milieux rural et urbain et faire face \u00e0 l\u2019exode rural en rendant disponibles les services de communication, d\u2019enseignement et de sant\u00e9 dans les zones cibl\u00e9es.<\/p>\n<\/div>\n<p>Auteur: APA News<br \/>\n<a href=\"https:\/\/www.journalducameroun.com\/developpement-durable-12-millions-deuros-de-la-france-et-de-lue-pour-la-mauritanie\/\">Cliquez ici pour lire l&rsquo;article depuis sa source.<\/a><\/p>\n","protected":false},"excerpt":{"rendered":"<p>Publi\u00e9 le 12.07.2019 \u00e0 19h18 par APA News La Mauritanie a obtenu une subvention conjointe de 12 millions d\u2019euros de la France et de l\u2019Union europ\u00e9enne destin\u00e9e au d\u00e9veloppement durable dans les zones rurales du pays, a-t-on constat\u00e9 vendredi \u00e0 Nouakchott.Cette subvention permettra de financer une partie du programme d\u2019appui aux investissements productifs dans le [&hellip;]<\/p>\n","protected":false},"author":1965,"featured_media":0,"comment_status":"closed","ping_status":"closed","sticky":false,"template":"","format":"standard","meta":{"fifu_image_url":"","fifu_image_alt":"","footnotes":""},"categories":[73,82],"tags":[],"class_list":["post-45922","post","type-post","status-publish","format-standard","hentry","category-actualite","category-cameroun"],"_links":{"self":[{"href":"https:\/\/linitiative.ca\/International\/wp-json\/wp\/v2\/posts\/45922","targetHints":{"allow":["GET"]}}],"collection":[{"href":"https:\/\/linitiative.ca\/International\/wp-json\/wp\/v2\/posts"}],"about":[{"href":"https:\/\/linitiative.ca\/International\/wp-json\/wp\/v2\/types\/post"}],"author":[{"embeddable":true,"href":"https:\/\/linitiative.ca\/International\/wp-json\/wp\/v2\/users\/1965"}],"replies":[{"embeddable":true,"href":"https:\/\/linitiative.ca\/International\/wp-json\/wp\/v2\/comments?post=45922"}],"version-history":[{"count":0,"href":"https:\/\/linitiative.ca\/International\/wp-json\/wp\/v2\/posts\/45922\/revisions"}],"wp:attachment":[{"href":"https:\/\/linitiative.ca\/International\/wp-json\/wp\/v2\/media?parent=45922"}],"wp:term":[{"taxonomy":"category","embeddable":true,"href":"https:\/\/linitiative.ca\/International\/wp-json\/wp\/v2\/categories?post=45922"},{"taxonomy":"post_tag","embeddable":true,"href":"https:\/\/linitiative.ca\/International\/wp-json\/wp\/v2\/tags?post=45922"}],"curies":[{"name":"wp","href":"https:\/\/api.w.org\/{rel}","templated":true}]}}