{"id":45923,"date":"2019-07-12T14:18:04","date_gmt":"2019-07-12T18:18:04","guid":{"rendered":"https:\/\/linitiative.ca\/International\/can-2019-des-burkinabe-touches-par-lelimination-de-la-cote-divoire\/"},"modified":"2019-07-12T14:18:04","modified_gmt":"2019-07-12T18:18:04","slug":"can-2019-des-burkinabe-touches-par-lelimination-de-la-cote-divoire","status":"publish","type":"post","link":"https:\/\/linitiative.ca\/International\/can-2019-des-burkinabe-touches-par-lelimination-de-la-cote-divoire\/","title":{"rendered":"CAN 2019 : des Burkinab\u00e8 \u00abtouch\u00e9s\u00bb par l\u2019\u00e9limination de la C\u00f4te d\u2019Ivoire"},"content":{"rendered":"<div readability=\"32\">\n<p>Publi\u00e9 le 12.07.2019 \u00e0 19h18 par APA News<\/p>\n<\/div>\n<div readability=\"118\">\n<p>Des Burkinab\u00e8 interrog\u00e9s vendredi par APA se disent \u00abs\u00e9rieusement touch\u00e9s \u00bb par l\u2019\u00e9limination, la veille, des El\u00e9phants de C\u00f4te d\u2019Ivoire en quarts de finale de la coupe d\u2019Afrique des Nations qui se d\u00e9roule actuellement en Egypte.\u00abJ\u2019ai mal dormi hier nuit, apr\u00e8s l\u2019\u00e9limination des Ivoiriens \u00e0 la CAN 2019. Je suis toujours sous le choc de l\u2019\u00e9limination des El\u00e9phants de C\u00f4te d\u2019Ivoire\u00bb, se lamente Abdoulaye Ou\u00e9draogo, cadre de l\u2019administration.\u00a0<\/p>\n<p>N\u00e9 en C\u00f4te d\u2019Ivoire et ayant fait une bonne partie de son cursus scolaire dans ce pays, ce jeune fonctionnaire burkinab\u00e8, la trentaine, consid\u00e8re cet Etat comme sa seconde patrie.<\/p>\n<p>\u00abCette ann\u00e9e, \u00e9tant donn\u00e9 que malheureusement les Etalons du Burkina Faso ne prennent pas part \u00e0 la phase finale de la CAN, j\u2019avais jet\u00e9 tout mon d\u00e9volu sur la C\u00f4te d\u2019Ivoire, le pays qui m\u2019a vu na\u00eetre\u00bb, explique M. Ou\u00e9draogo appuy\u00e9 par son coll\u00e8gue, Traor\u00e9 Firmin.<\/p>\n<p>Pour Firmin, avec l\u2019\u00e9limination de la C\u00f4te d\u2019Ivoire, la CAN 2019 perd ce qui lui restait comme saveur, car poursuit-il, aucune des quatre \u00e9quipes restantes (S\u00e9n\u00e9gal, Nig\u00e9ria, Alg\u00e9rie et Tunisie) ne l\u2019int\u00e9resse.\u00a0<\/p>\n<p>De son c\u00f4t\u00e9, Gr\u00e9goire Bassol\u00e9 m\u00eame s\u2019il affirme \u00eatre \u00abtr\u00e8s s\u00e9rieusement touch\u00e9\u00bb par la sortie des El\u00e9phants, pense qu\u2019il va falloir supporter le Nig\u00e9ria et le S\u00e9n\u00e9gal, les deux pays de la sous-r\u00e9gion qui restent toujours dans la course pour la conqu\u00eate de la 32e CAN.<\/p>\n<p>Si Abdoulaye, Firmin et Gr\u00e9goire se plaignent de l\u2019\u00e9limination de l\u2019\u00e9quipe ivoirienne, cela n\u2019est pas le cas d\u2019autres Burkinab\u00e8.<\/p>\n<p>Alain Douamba, jardinier se dit indiff\u00e9rent face \u00e0 la d\u00e9faite de l\u2019\u00e9quipe nationale de C\u00f4te d\u2019Ivoire, avouant qu\u2019il n\u2019a jamais support\u00e9 cette \u00e9quipe. \u00a0<\/p>\n<p>\u00abQue les \u00e9l\u00e9phants gagnent ou perdent, cela ne me fait ni froid ni chaud. D\u2019ailleurs, pour \u00eatre sinc\u00e8re, je n\u2019ai jamais support\u00e9 cette \u00e9quipe pour des raisons qui me sont propres\u00bb, souligne-t-il, pr\u00e9occup\u00e9 \u00e0 livrer des plants \u00e0 un client stationn\u00e9 au bord de la voie, attendant d\u2019\u00eatre servi.\u00a0<\/p>\n<p>Mari\u00e9ta Diallo, \u00e9tudiante en droit, confie qu\u2019elle est plut\u00f4t contente de l\u2019\u00e9limination des El\u00e9phants, dans la mesure o\u00f9 son copain, \u00absupporter inv\u00e9t\u00e9r\u00e9 de la C\u00f4te d\u2019Ivoire\u00bb, ajoute-t-elle, \u00a0va arr\u00eater de lui rab\u00e2cher les oreilles.<\/p>\n<p>La 32e Coupe d\u2019Afrique des Nations (CAN) a d\u00e9but\u00e9 le 21 juin dernier en Egypte, avec au d\u00e9part 24 \u00e9quipes (premi\u00e8re du genre), sans le Burkina Faso, \u00e9cart\u00e9 lors de la derni\u00e8re \u00e9tape des phases \u00e9liminatoires.\u00a0<\/p>\n<p>Les demi-finales pr\u00e9vues pour le dimanche 14 juillet seront des duels entre l\u2019Afrique de l\u2019Ouest et l\u2019Afrique du Nord. En effet, elles vont opposer le S\u00e9n\u00e9gal \u00e0 la Tunisie et le Nig\u00e9ria \u00e0 l\u2019Alg\u00e9rie.\u00a0<\/p>\n<p>La Finale quant \u00e0 elle, est pr\u00e9vue le vendredi 19 juillet 2019.\u00a0<\/p>\n<\/div>\n<p>Auteur: APA News<br \/>\n<a href=\"https:\/\/www.journalducameroun.com\/can-2019-des-burkinabe-touches-par-lelimination-de-la-cote-divoire\/\">Cliquez ici pour lire l&rsquo;article depuis sa source.<\/a><\/p>\n","protected":false},"excerpt":{"rendered":"<p>Publi\u00e9 le 12.07.2019 \u00e0 19h18 par APA News Des Burkinab\u00e8 interrog\u00e9s vendredi par APA se disent \u00abs\u00e9rieusement touch\u00e9s \u00bb par l\u2019\u00e9limination, la veille, des El\u00e9phants de C\u00f4te d\u2019Ivoire en quarts de finale de la coupe d\u2019Afrique des Nations qui se d\u00e9roule actuellement en Egypte.\u00abJ\u2019ai mal dormi hier nuit, apr\u00e8s l\u2019\u00e9limination des Ivoiriens \u00e0 la CAN [&hellip;]<\/p>\n","protected":false},"author":1965,"featured_media":0,"comment_status":"closed","ping_status":"closed","sticky":false,"template":"","format":"standard","meta":{"fifu_image_url":"","fifu_image_alt":"","footnotes":""},"categories":[73,82],"tags":[],"class_list":["post-45923","post","type-post","status-publish","format-standard","hentry","category-actualite","category-cameroun"],"_links":{"self":[{"href":"https:\/\/linitiative.ca\/International\/wp-json\/wp\/v2\/posts\/45923","targetHints":{"allow":["GET"]}}],"collection":[{"href":"https:\/\/linitiative.ca\/International\/wp-json\/wp\/v2\/posts"}],"about":[{"href":"https:\/\/linitiative.ca\/International\/wp-json\/wp\/v2\/types\/post"}],"author":[{"embeddable":true,"href":"https:\/\/linitiative.ca\/International\/wp-json\/wp\/v2\/users\/1965"}],"replies":[{"embeddable":true,"href":"https:\/\/linitiative.ca\/International\/wp-json\/wp\/v2\/comments?post=45923"}],"version-history":[{"count":0,"href":"https:\/\/linitiative.ca\/International\/wp-json\/wp\/v2\/posts\/45923\/revisions"}],"wp:attachment":[{"href":"https:\/\/linitiative.ca\/International\/wp-json\/wp\/v2\/media?parent=45923"}],"wp:term":[{"taxonomy":"category","embeddable":true,"href":"https:\/\/linitiative.ca\/International\/wp-json\/wp\/v2\/categories?post=45923"},{"taxonomy":"post_tag","embeddable":true,"href":"https:\/\/linitiative.ca\/International\/wp-json\/wp\/v2\/tags?post=45923"}],"curies":[{"name":"wp","href":"https:\/\/api.w.org\/{rel}","templated":true}]}}