{"id":45924,"date":"2019-07-12T14:50:01","date_gmt":"2019-07-12T18:50:01","guid":{"rendered":"https:\/\/linitiative.ca\/International\/affaire-rugy-une-cascade-de-revelations-embarrassantes\/"},"modified":"2019-07-12T14:50:01","modified_gmt":"2019-07-12T18:50:01","slug":"affaire-rugy-une-cascade-de-revelations-embarrassantes","status":"publish","type":"post","link":"https:\/\/linitiative.ca\/International\/affaire-rugy-une-cascade-de-revelations-embarrassantes\/","title":{"rendered":"Affaire Rugy : une cascade de r\u00e9v\u00e9lations embarrassantes"},"content":{"rendered":"<div readability=\"32\">\n<p>Publi\u00e9 le 12.07.2019 \u00e0 19h50 par AFP<\/p>\n<\/div>\n<div readability=\"143\">\n<p>D\u00eeners fastueux, travaux aux frais du contribuable, collaboratrice ayant ind\u00fbment conserv\u00e9 son HLM\u2026 : plusieurs r\u00e9v\u00e9lations publi\u00e9es dans la presse embarrassent le ministre de la Transition \u00e9cologique Fran\u00e7ois de Rugy.<\/p>\n<p>\u2013 Homard et grands vins \u2013<\/p>\n<p>Alors pr\u00e9sident de l\u2019Assembl\u00e9e nationale, M. de Rugy et son \u00e9pouse ont multipli\u00e9 les d\u00eeners priv\u00e9s fastueux \u00e0 l\u2019H\u00f4tel de Lassay entre 2017 et 2018, affirme Mediapart mercredi.<\/p>\n<p>Documents, photos et t\u00e9moignages \u00e0 l\u2019appui, le journal en ligne recense une dizaine de ces d\u00eeners, qui rassemblaient dans les murs de la r\u00e9sidence du pr\u00e9sident de l\u2019Assembl\u00e9e des invit\u00e9s appartenant pour l\u2019essentiel au cercle relationnel et amical de son \u00e9pouse S\u00e9verine de Rugy, journaliste au magazine Gala.<\/p>\n<p>A table, homard, champagne et grands crus issus des caves de l\u2019Assembl\u00e9e apparaissent sur une photo mise en ligne par Mediapart, sur laquelle Mme de Rugy pose. C\u2019est \u00e0 chaque fois le personnel de l\u2019H\u00f4tel de Lassay qui \u00e9tait mobilis\u00e9 pour l\u2019occasion, affirme le site.<\/p>\n<p>Fran\u00e7ois de Rugy met en avant \u00ab\u00a0un travail de repr\u00e9sentation\u00a0\u00bb requis par ses fonctions, niant toute \u00ab\u00a0soir\u00e9e fastueuse\u00a0\u00bb.<\/p>\n<p>Convoqu\u00e9 jeudi \u00e0 Matignon, le ministre s\u2019engage le cas \u00e9ch\u00e9ant \u00e0 \u00ab\u00a0rembourser chaque euro contest\u00e9\u00a0\u00bb.<\/p>\n<p>\u2013 Logement de sa directrice de cabinet \u2013<\/p>\n<p>Mercredi soir, Mediapart publie des informations concernant un logement HLM \u00e0 Paris occup\u00e9 depuis 2001 par la directrice de cabinet de M. de Rugy au minist\u00e8re de la Transition \u00e9cologique, Nicole Klein, et conserv\u00e9 de 2006 \u00e0 2018 alors qu\u2019elle n\u2019habitait plus la capitale.<\/p>\n<p>Le ministre met fin jeudi aux fonctions de Mme Klein, qui avait rejoint fin 2018 le cabinet. \u00ab\u00a0Il a voulu sauver sa t\u00eate en offrant la mienne\u00a0\u00bb, d\u00e9clare l\u2019ancienne pr\u00e9f\u00e8te des Pays de la Loire \u00e0 Ouest-France, affirmant par ailleurs avoir \u00ab\u00a0p\u00e9ch\u00e9 par n\u00e9gligence, pas par int\u00e9r\u00eat financier\u00a0\u00bb.<\/p>\n<p>\u2013 Travaux \u00e0 l\u2019H\u00f4tel de Roquelaure \u2013<\/p>\n<p>Jeudi, un article de Mediapart concerne des travaux r\u00e9alis\u00e9s par le ministre dans son logement de fonction \u00e0 l\u2019H\u00f4tel de Roquelaure pour un montant de 63.000 euros. Travaux qu\u2019il justifie sur Twitter par la n\u00e9cessit\u00e9 de r\u00e9nover \u00ab\u00a0r\u00e9guli\u00e8rement\u00a0\u00bb ce b\u00e2timent.<\/p>\n<p>M. de Rugy publie aussi sur son compte Facebook des mails relatifs aux devis, y d\u00e9taillant des travaux de peinture, de menuiserie visant \u00e0 installer des rangements, la r\u00e9novation de sols, d\u2019une salle de bain et d\u2019une salle de douche.<\/p>\n<p>\u2013 Loyer pr\u00e9f\u00e9rentiel \u2013<\/p>\n<p>Jeudi, le ministre doit encore se d\u00e9fendre de nouvelles r\u00e9v\u00e9lations de Mediapart concernant un appartement qu\u2019il loue pr\u00e8s de Nantes et qui serait \u00ab\u00a0\u00e0 loyer social pr\u00e9f\u00e9rentiel\u00a0\u00bb.<\/p>\n<p>Il s\u2019agit, selon le ministre, d\u2019un \u00ab\u00a0deux-pi\u00e8ces de 48 m2, lou\u00e9 au prix de 622 euros par mois (appartement et parking), un montant conforme aux prix du march\u00e9\u00a0\u00bb, o\u00f9 il accueille ses enfants lorsqu\u2019il en a la garde le weekend.<\/p>\n<p>M. de Rugy affirme n\u2019avoir jamais su qu\u2019il s\u2019agissait d\u2019un appartement \u00e0 \u00ab\u00a0loyer social pr\u00e9f\u00e9rentiel\u00a0\u00bb et se dit \u00ab\u00a0victime d\u2019une tricherie\u00a0\u00bb de l\u2019agence immobili\u00e8re ou du propri\u00e9taire de l\u2019appartement.<\/p>\n<p>\u2013 S\u00e8che-cheveux dor\u00e9 \u2013<\/p>\n<p>Le ministre qualifie de \u00ab\u00a0mensonge\u00a0\u00bb une information, parue vendredi dans le Parisien, selon laquelle son \u00e9pouse a achet\u00e9 sur l\u2019argent de l\u2019Assembl\u00e9e un s\u00e8che-cheveux dor\u00e9 \u00e0 la feuille d\u2019or, pour 499 euros. Il a \u00e9t\u00e9 \u00ab\u00a0laiss\u00e9 \u00e0 l\u2019Assembl\u00e9e nationale\u00a0\u00bb lorsque le couple a quitt\u00e9 le Palais-Bourbon, pr\u00e9cise le ministre.<\/p>\n<p>\u2013 D\u00eener hors agenda \u2013<\/p>\n<p>Vendredi, Ouest-France indique que M. de Rugy a organis\u00e9 en mars un d\u00eener avec des lobbyistes du monde de l\u2019\u00e9nergie, en demandant que ce rendez-vous \u00ab\u00a0informel\u00a0\u00bb n\u2019apparaisse pas \u00ab\u00a0dans l\u2019agenda public\u00a0\u00bb.<\/p>\n<p>Ce d\u00eener \u00ab\u00a0surprend certains membres de son entourage. D\u2019autant que Fran\u00e7ois de Rugy d\u00e9cide de ne pas convier certains membres de son cabinet\u00a0\u00bb, indique le journal sur son site internet.<\/p>\n<\/div>\n<p>Auteur: AFP<br \/>\n<a href=\"https:\/\/www.journalducameroun.com\/affaire-rugy-une-cascade-de-revelations-embarrassantes\/\">Cliquez ici pour lire l&rsquo;article depuis sa source.<\/a><\/p>\n","protected":false},"excerpt":{"rendered":"<p>Publi\u00e9 le 12.07.2019 \u00e0 19h50 par AFP D\u00eeners fastueux, travaux aux frais du contribuable, collaboratrice ayant ind\u00fbment conserv\u00e9 son HLM\u2026 : plusieurs r\u00e9v\u00e9lations publi\u00e9es dans la presse embarrassent le ministre de la Transition \u00e9cologique Fran\u00e7ois de Rugy. \u2013 Homard et grands vins \u2013 Alors pr\u00e9sident de l\u2019Assembl\u00e9e nationale, M. de Rugy et son \u00e9pouse ont [&hellip;]<\/p>\n","protected":false},"author":1965,"featured_media":0,"comment_status":"closed","ping_status":"closed","sticky":false,"template":"","format":"standard","meta":{"fifu_image_url":"","fifu_image_alt":"","footnotes":""},"categories":[73,82],"tags":[],"class_list":["post-45924","post","type-post","status-publish","format-standard","hentry","category-actualite","category-cameroun"],"_links":{"self":[{"href":"https:\/\/linitiative.ca\/International\/wp-json\/wp\/v2\/posts\/45924","targetHints":{"allow":["GET"]}}],"collection":[{"href":"https:\/\/linitiative.ca\/International\/wp-json\/wp\/v2\/posts"}],"about":[{"href":"https:\/\/linitiative.ca\/International\/wp-json\/wp\/v2\/types\/post"}],"author":[{"embeddable":true,"href":"https:\/\/linitiative.ca\/International\/wp-json\/wp\/v2\/users\/1965"}],"replies":[{"embeddable":true,"href":"https:\/\/linitiative.ca\/International\/wp-json\/wp\/v2\/comments?post=45924"}],"version-history":[{"count":0,"href":"https:\/\/linitiative.ca\/International\/wp-json\/wp\/v2\/posts\/45924\/revisions"}],"wp:attachment":[{"href":"https:\/\/linitiative.ca\/International\/wp-json\/wp\/v2\/media?parent=45924"}],"wp:term":[{"taxonomy":"category","embeddable":true,"href":"https:\/\/linitiative.ca\/International\/wp-json\/wp\/v2\/categories?post=45924"},{"taxonomy":"post_tag","embeddable":true,"href":"https:\/\/linitiative.ca\/International\/wp-json\/wp\/v2\/tags?post=45924"}],"curies":[{"name":"wp","href":"https:\/\/api.w.org\/{rel}","templated":true}]}}