{"id":45941,"date":"2019-07-13T04:04:17","date_gmt":"2019-07-13T08:04:17","guid":{"rendered":"https:\/\/linitiative.ca\/International\/volvo-cars-partage-son-systeme-connecte-pour-une-circulation-securisee\/"},"modified":"2019-07-13T04:04:17","modified_gmt":"2019-07-13T08:04:17","slug":"volvo-cars-partage-son-systeme-connecte-pour-une-circulation-securisee","status":"publish","type":"post","link":"https:\/\/linitiative.ca\/International\/volvo-cars-partage-son-systeme-connecte-pour-une-circulation-securisee\/","title":{"rendered":"Volvo Cars partage son syst\u00e8me connect\u00e9 pour une circulation s\u00e9curis\u00e9e"},"content":{"rendered":"<p><img decoding=\"async\" class=\"post_layout_5_img\" src=\"http:\/\/aujourdhui.ma\/wp-content\/uploads\/2019\/07\/Volvo-Cars-projet-de-partage-de-donne%CC%81es-de-se%CC%81curite%CC%81.jpg?x29840\" alt=\"Volvo Cars partage son syst\u00e8me connect\u00e9 pour une circulation s\u00e9curis\u00e9e\"\/><\/p>\n<p class=\"p1\"><span class=\"s1 c4\"><strong>La marque est en campagne promotionnelle jusqu\u2019au 20 juillet<\/strong><\/span><span id=\"more-314734\"\/><\/p>\n<div class=\"base-box mom_box_sc_custom mom_box_sc clear c5\" readability=\"8\">\n<p class=\"p1\"><span class=\"s1\"><em>Ce syst\u00e8me r\u00e9volutionnaire permet aux v\u00e9hicules Volvo de communiquer entre eux et d\u2019avertir les autres conducteurs en cas d\u2019\u00e9ventuels dangers ou de portions de routes glissantes.<\/em><\/span><\/p>\n<\/div>\n<p class=\"p1\"><span class=\"s1\">Le constructeur automobile su\u00e9dois, Volvo Cars, se lance \u00e0 fond en s\u00e9curit\u00e9 routi\u00e8re. Une implication qu\u2019il concr\u00e9tise en prenant part tout r\u00e9cemment \u00e0 un projet pilote paneurop\u00e9en. \u00abCe projet, intitul\u00e9 <em>\u00abEuropean Data Task Force\u00bb repose sur la mise en place d\u2019un syst\u00e8me de partage de donn\u00e9es anonymis\u00e9es via une plate-forme h\u00e9berg\u00e9e sur le cloud\u00bb,<\/em> pr\u00e9cisent les initiateurs. En d\u00e9tail, Volvo Cars contribuera \u00e0 ce projet en fournissant, en temps r\u00e9el, des donn\u00e9es collect\u00e9es \u00e0 travers ses deux syst\u00e8mes connect\u00e9s de technologies de s\u00e9curit\u00e9. Il s\u2019agit de Hazard Light Alert (signalement de dangers) et de Slippery Road Alert (signalement de routes glissantes).<\/span><\/p>\n<p><a href=\"http:\/\/aujourdhui.ma\/wp-content\/uploads\/2019\/07\/Volvo-Cars.jpg?x29840\"><img loading=\"lazy\" decoding=\"async\" class=\"size-full wp-image-314737 aligncenter\" src=\"http:\/\/aujourdhui.ma\/wp-content\/uploads\/2019\/07\/Volvo-Cars.jpg?x29840\" alt=\"\" width=\"746\" height=\"380\" srcset=\"http:\/\/aujourdhui.ma\/wp-content\/uploads\/2019\/07\/Volvo-Cars.jpg 746w, http:\/\/aujourdhui.ma\/wp-content\/uploads\/2019\/07\/Volvo-Cars-300x153.jpg 300w\" sizes=\"auto, (max-width: 746px) 100vw, 746px\"\/><\/a><\/p>\n<p class=\"p1\"><span class=\"s1\"><em>\u00abVolvo Cars dispose d\u00e9j\u00e0 de son propre syst\u00e8me de partage d\u2019alertes via un r\u00e9seau cloud d\u00e9di\u00e9\u00bb,<\/em> rappelle la m\u00eame source. Ce syst\u00e8me r\u00e9volutionnaire permet aux v\u00e9hicules Volvo de communiquer entre eux et d\u2019avertir les autres conducteurs en cas d\u2019\u00e9ventuels dangers ou de portions de routes glissantes. <em>\u00abLe partage de donn\u00e9es de circulation en temps r\u00e9el peut donner un v\u00e9ritable coup de fouet \u00e0 la s\u00e9curit\u00e9 routi\u00e8re en g\u00e9n\u00e9ral et gagnera en impact \u00e0 mesure que le nombre de voitures connect\u00e9es augmentera\u00bb<\/em>, estiment les initiateurs.<\/span><\/p>\n<p class=\"p1\"><span class=\"s1\">De plus, Volvo Cars vient tout r\u00e9cemment encore de pr\u00e9senter, en partenariat avec Uber, le leader mondial des services de VTC, un v\u00e9hicule de s\u00e9rie enti\u00e8rement capable de rouler sans conducteur. Ce v\u00e9hicule, un SUV Volvo XC90, est capable de rouler de mani\u00e8re enti\u00e8rement automatis\u00e9e. <em>\u00abD\u2019ici le milieu de la prochaine d\u00e9cennie, un tiers des voitures que nous vendrons sera enti\u00e8rement autonome.<\/em><\/span><\/p>\n<p class=\"p1\"><span class=\"s1\"><em>Notre accord avec Uber met en lumi\u00e8re notre volont\u00e9 de devenir le fournisseur privil\u00e9gi\u00e9 des plus grandes entreprises de VTC du monde\u00bb,<\/em> indique H\u00e5kan Samuelsson, pr\u00e9sident et CEO de Volvo Cars. Selon les initiateurs, le constructeur compte s\u2019appuyer sur un concept de v\u00e9hicule de base similaire pour le lancement de ses futures voitures autonomes au d\u00e9but des ann\u00e9es 2020. Ces technologies int\u00e9greront des fonctionnalit\u00e9s ouvrant la voie \u00e0 la conduite autonome non supervis\u00e9e dans des zones clairement d\u00e9finies, comme les autoroutes et les ceintures p\u00e9riph\u00e9riques.<\/span><\/p>\n<p><a href=\"http:\/\/aujourdhui.ma\/wp-content\/uploads\/2019\/07\/Volvo-Cars-1.jpg?x29840\"><img loading=\"lazy\" decoding=\"async\" class=\"size-full wp-image-314735 aligncenter\" src=\"http:\/\/aujourdhui.ma\/wp-content\/uploads\/2019\/07\/Volvo-Cars-1.jpg?x29840\" alt=\"\" width=\"746\" height=\"380\" srcset=\"http:\/\/aujourdhui.ma\/wp-content\/uploads\/2019\/07\/Volvo-Cars-1.jpg 746w, http:\/\/aujourdhui.ma\/wp-content\/uploads\/2019\/07\/Volvo-Cars-1-300x153.jpg 300w\" sizes=\"auto, (max-width: 746px) 100vw, 746px\"\/><\/a><\/p>\n<p class=\"p1\"><span class=\"s1\">Pour rappel, Volvo Cars Maroc lance, jusqu\u2019au 20 juillet, une campagne promotionnelle intitul\u00e9e \u00abChoisissez le compagnon le plus s\u00fbr\u00bb. Cette campagne permettra \u00e0 tous les clients de la marque de profiter d\u2019offres sp\u00e9cial \u00e9t\u00e9 in\u00e9dites sur toutes les gammes des mod\u00e8les Volvo. Ces offres sont disponibles au niveau de l\u2019ensemble des showrooms de Scandinavian Auto Maroc.<\/span><\/p>\n<p>Auteur: ALM<br \/>\n<a href=\"http:\/\/aujourdhui.ma\/automobile\/volvo-cars-partage-son-systeme-connecte-pour-une-circulation-securisee\">Cliquez ici pour lire l&rsquo;article depuis sa source.<\/a><\/p>\n","protected":false},"excerpt":{"rendered":"<p>La marque est en campagne promotionnelle jusqu\u2019au 20 juillet Ce syst\u00e8me r\u00e9volutionnaire permet aux v\u00e9hicules Volvo de communiquer entre eux et d\u2019avertir les autres conducteurs en cas d\u2019\u00e9ventuels dangers ou de portions de routes glissantes. Le constructeur automobile su\u00e9dois, Volvo Cars, se lance \u00e0 fond en s\u00e9curit\u00e9 routi\u00e8re. Une implication qu\u2019il concr\u00e9tise en prenant part [&hellip;]<\/p>\n","protected":false},"author":1759,"featured_media":0,"comment_status":"closed","ping_status":"closed","sticky":false,"template":"","format":"standard","meta":{"fifu_image_url":"","fifu_image_alt":"","footnotes":""},"categories":[73,54],"tags":[],"class_list":["post-45941","post","type-post","status-publish","format-standard","hentry","category-actualite","category-maroc"],"_links":{"self":[{"href":"https:\/\/linitiative.ca\/International\/wp-json\/wp\/v2\/posts\/45941","targetHints":{"allow":["GET"]}}],"collection":[{"href":"https:\/\/linitiative.ca\/International\/wp-json\/wp\/v2\/posts"}],"about":[{"href":"https:\/\/linitiative.ca\/International\/wp-json\/wp\/v2\/types\/post"}],"author":[{"embeddable":true,"href":"https:\/\/linitiative.ca\/International\/wp-json\/wp\/v2\/users\/1759"}],"replies":[{"embeddable":true,"href":"https:\/\/linitiative.ca\/International\/wp-json\/wp\/v2\/comments?post=45941"}],"version-history":[{"count":0,"href":"https:\/\/linitiative.ca\/International\/wp-json\/wp\/v2\/posts\/45941\/revisions"}],"wp:attachment":[{"href":"https:\/\/linitiative.ca\/International\/wp-json\/wp\/v2\/media?parent=45941"}],"wp:term":[{"taxonomy":"category","embeddable":true,"href":"https:\/\/linitiative.ca\/International\/wp-json\/wp\/v2\/categories?post=45941"},{"taxonomy":"post_tag","embeddable":true,"href":"https:\/\/linitiative.ca\/International\/wp-json\/wp\/v2\/tags?post=45941"}],"curies":[{"name":"wp","href":"https:\/\/api.w.org\/{rel}","templated":true}]}}