{"id":45951,"date":"2019-07-13T06:00:00","date_gmt":"2019-07-13T10:00:00","guid":{"rendered":"https:\/\/linitiative.ca\/International\/premier-feu-dartifice-depuis-lattentat-du-14-juillet-2016\/"},"modified":"2019-07-13T06:00:00","modified_gmt":"2019-07-13T10:00:00","slug":"premier-feu-dartifice-depuis-lattentat-du-14-juillet-2016","status":"publish","type":"post","link":"https:\/\/linitiative.ca\/International\/premier-feu-dartifice-depuis-lattentat-du-14-juillet-2016\/","title":{"rendered":"Premier feu d&rsquo;artifice depuis l&rsquo;attentat du 14 juillet 2016"},"content":{"rendered":"<div id=\"originalText\" readability=\"59\">\n<p>La ville de Nice, sur la Riviera fran\u00e7aise, organise aujourd\u2019hui au soir le premier feu d&rsquo;artifice tir\u00e9 pour la f\u00eate nationale depuis l&rsquo;attentat meurtrier du 14 juillet 2016, a annonc\u00e9, hier, la municipalit\u00e9. Ce feu d&rsquo;artifice sera tir\u00e9 depuis une barge situ\u00e9e en face du quai des \u00c9tats-Unis, dans le prolongement de la c\u00e9l\u00e8bre promenade des Anglais, mais le 13 juillet, et non le 14, \u00e0 la demande des associations repr\u00e9sentant les familles de victimes. Le th\u00e8me retenu cette ann\u00e9e pour le feu d&rsquo;artifice est celui de la \u201crenaissance\u201d et du \u201cretour \u00e0 la vie\u201d, indique la ville de Nice, et il sera accompagn\u00e9 \u201cd&rsquo;une musique porteuse d&rsquo;espoir\u201d.\u00a0<\/p>\n<p>Un hommage aux victimes est pr\u00e9vu le 14 juillet, avec une c\u00e9r\u00e9monie cultuelle le matin et un concert de l&rsquo;Orchestre philharmonique de Nice le soir \u00e0 l&rsquo;issue duquel, \u00e0 22h34 locales pr\u00e9cises, heure de l&rsquo;attentat de 2016, 86 faisceaux lumineux seront projet\u00e9s dans le ciel depuis le front de mer.Le 14 juillet 2016, l&rsquo;attentat commis \u00e0 l&rsquo;issue du feu d&rsquo;artifice sur la promenade des Anglais par le Tunisien Mohamed Lahouaiej-Bouhlel, et revendiqu\u00e9 par l&rsquo;organisation \u00c9tat islamique, avait fait 86 tu\u00e9s, 206 bless\u00e9s et 1 360 personnes traumatis\u00e9es.<br \/>\u00a0<\/p>\n<p class=\"c10\"><strong>AFP<\/strong><\/p>\n<\/div>\n<div id=\"text_core\" readability=\"59\">\n<p>La ville de Nice, sur la Riviera fran\u00e7aise, organise aujourd\u2019hui au soir le premier feu d&rsquo;artifice tir\u00e9 pour la f\u00eate nationale depuis l&rsquo;attentat meurtrier du 14 juillet 2016, a annonc\u00e9, hier, la municipalit\u00e9. Ce feu d&rsquo;artifice sera tir\u00e9 depuis une barge situ\u00e9e en face du quai des \u00c9tats-Unis, dans le prolongement de la c\u00e9l\u00e8bre promenade des Anglais, mais le 13 juillet, et non le 14, \u00e0 la demande des associations repr\u00e9sentant les familles de victimes. Le th\u00e8me retenu cette ann\u00e9e pour le feu d&rsquo;artifice est celui de la \u201crenaissance\u201d et du \u201cretour \u00e0 la vie\u201d, indique la ville de Nice, et il sera accompagn\u00e9 \u201cd&rsquo;une musique porteuse d&rsquo;espoir\u201d.\u00a0<\/p>\n<p>Un hommage aux victimes est pr\u00e9vu le 14 juillet, avec une c\u00e9r\u00e9monie cultuelle le matin et un concert de l&rsquo;Orchestre philharmonique de Nice le soir \u00e0 l&rsquo;issue duquel, \u00e0 22h34 locales pr\u00e9cises, heure de l&rsquo;attentat de 2016, 86 faisceaux lumineux seront projet\u00e9s dans le ciel depuis le front de mer.Le 14 juillet 2016, l&rsquo;attentat commis \u00e0 l&rsquo;issue du feu d&rsquo;artifice sur la promenade des Anglais par le Tunisien Mohamed Lahouaiej-Bouhlel, et revendiqu\u00e9 par l&rsquo;organisation \u00c9tat islamique, avait fait 86 tu\u00e9s, 206 bless\u00e9s et 1 360 personnes traumatis\u00e9es.<br \/>\u00a0<\/p>\n<p class=\"c10\"><strong>AFP<\/strong><\/p>\n<\/div>\n<p>Auteur:<br \/>\n<a href=\"https:\/\/www.liberte-algerie.com\/actualite\/premier-feu-dartifice-depuis-lattentat-du-14-juillet-2016-319800\">Cliquez ici pour lire l&rsquo;article depuis sa source.<\/a><\/p>\n","protected":false},"excerpt":{"rendered":"<p>La ville de Nice, sur la Riviera fran\u00e7aise, organise aujourd\u2019hui au soir le premier feu d&rsquo;artifice tir\u00e9 pour la f\u00eate nationale depuis l&rsquo;attentat meurtrier du 14 juillet 2016, a annonc\u00e9, hier, la municipalit\u00e9. Ce feu d&rsquo;artifice sera tir\u00e9 depuis une barge situ\u00e9e en face du quai des \u00c9tats-Unis, dans le prolongement de la c\u00e9l\u00e8bre promenade [&hellip;]<\/p>\n","protected":false},"author":1742,"featured_media":0,"comment_status":"closed","ping_status":"closed","sticky":false,"template":"","format":"standard","meta":{"fifu_image_url":"","fifu_image_alt":"","footnotes":""},"categories":[73,53],"tags":[],"class_list":["post-45951","post","type-post","status-publish","format-standard","hentry","category-actualite","category-algerie"],"_links":{"self":[{"href":"https:\/\/linitiative.ca\/International\/wp-json\/wp\/v2\/posts\/45951","targetHints":{"allow":["GET"]}}],"collection":[{"href":"https:\/\/linitiative.ca\/International\/wp-json\/wp\/v2\/posts"}],"about":[{"href":"https:\/\/linitiative.ca\/International\/wp-json\/wp\/v2\/types\/post"}],"author":[{"embeddable":true,"href":"https:\/\/linitiative.ca\/International\/wp-json\/wp\/v2\/users\/1742"}],"replies":[{"embeddable":true,"href":"https:\/\/linitiative.ca\/International\/wp-json\/wp\/v2\/comments?post=45951"}],"version-history":[{"count":0,"href":"https:\/\/linitiative.ca\/International\/wp-json\/wp\/v2\/posts\/45951\/revisions"}],"wp:attachment":[{"href":"https:\/\/linitiative.ca\/International\/wp-json\/wp\/v2\/media?parent=45951"}],"wp:term":[{"taxonomy":"category","embeddable":true,"href":"https:\/\/linitiative.ca\/International\/wp-json\/wp\/v2\/categories?post=45951"},{"taxonomy":"post_tag","embeddable":true,"href":"https:\/\/linitiative.ca\/International\/wp-json\/wp\/v2\/tags?post=45951"}],"curies":[{"name":"wp","href":"https:\/\/api.w.org\/{rel}","templated":true}]}}