{"id":45956,"date":"2019-07-13T07:51:40","date_gmt":"2019-07-13T11:51:40","guid":{"rendered":"https:\/\/linitiative.ca\/International\/la-societe-civile-adhere-au-plaidoyer-sur-la-cause-nationale\/"},"modified":"2019-07-13T07:51:40","modified_gmt":"2019-07-13T11:51:40","slug":"la-societe-civile-adhere-au-plaidoyer-sur-la-cause-nationale","status":"publish","type":"post","link":"https:\/\/linitiative.ca\/International\/la-societe-civile-adhere-au-plaidoyer-sur-la-cause-nationale\/","title":{"rendered":"La Soci\u00e9t\u00e9 civile adh\u00e8re au plaidoyer sur la cause nationale"},"content":{"rendered":"<div readability=\"44\">\n<p>Marrakech \u2013 Le ministre charg\u00e9 des relations avec le parlement et la soci\u00e9t\u00e9 civile, Mustapha El Khalfi, a soulign\u00e9, vendredi \u00e0 Marrakech, la ferme volont\u00e9 de la soci\u00e9t\u00e9 civile marocaine d\u2019adh\u00e9rer avec efficience au plaidoyer sur la marocanit\u00e9 du Sahara, \u00e0 travers la participation aux colloques internationaux, onusiens et continentaux, et l\u2019approfondissement des connaissances sur l\u2019histoire de la premi\u00e8re cause nationale et ses dimensions juridique, politique, internationale et de d\u00e9veloppement.<\/p>\n<\/div>\n<div readability=\"119\">\n<p>Intervenant \u00e0 l\u2019ouverture du 2\u00e8me colloque du plaidoyer civil sur la marocanit\u00e9 du Sahara, organis\u00e9 par son d\u00e9partement, M. El Khalfi a indiqu\u00e9 que la soci\u00e9t\u00e9 civile a \u00e9galement adh\u00e9r\u00e9 au plaidoyer sur la premi\u00e8re cause nationale sur le plan num\u00e9rique, ajoutant que cette adh\u00e9sion se veut une r\u00e9ponse \u00e0 l\u2019appel de SM le Roi Mohammed VI qui a affirm\u00e9 que la question du Sahara marocain est l\u2019affaire de tous : institutions de l\u2019Etat, Parlement, conseils \u00e9lus, acteurs politiques, syndicaux et \u00e9conomiques, instances de la soci\u00e9t\u00e9 civile, m\u00e9dias et l\u2019ensemble des citoyens.<\/p>\n<p>Et le ministre de noter que les Nations Unies saluent le r\u00f4le des commissions r\u00e9gionales des droits de l\u2019Homme qui, dans leurs derniers rapports, en particulier celui d\u2019avril, ont \u00e9voqu\u00e9 les cas des violations flagrantes des droits de l\u2019Homme dans les camps de Tindouf, insistant sur la n\u00e9cessit\u00e9 de lever le voile sur la situation qui pr\u00e9vaut dans ces camps.<\/p>\n<p>M. El Khalfi a, en outre, pass\u00e9 en revue plusieurs performances et victoires r\u00e9alis\u00e9es par le Maroc au cours de l\u2019ann\u00e9e \u00e9coul\u00e9e, notamment la poursuite des retraits de la reconnaissance de la \u00ab\u00a0pseudo-rasd\u00a0\u00bb, pr\u00e9cisant que le Royaume n\u2019est pas rest\u00e9 otage du r\u00e8glement de ce conflit artificiel et a intensifi\u00e9 le rythme de la dynamique de d\u00e9veloppement que connaissent les provinces du sud, tout en veillant \u00e0 l\u2019ancrage et \u00e0 la mise en valeur de la culture sahraouie hassanie, qui repr\u00e9sente l\u2019une des composantes de l\u2019identit\u00e9 marocaine.<\/p>\n<p>Il a, d\u2019autre part, expliqu\u00e9 que ce colloque de trois jours se veut une \u00e9tape pour l\u2019action et la prise de conscience de l\u2019ampleur des d\u00e9fis qui se posent, notamment ceux ayant trait \u00e0 la soci\u00e9t\u00e9 civile, \u00e0 la promotion des droits humains et des libert\u00e9s et au d\u00e9veloppement socio-\u00e9conomique, qui, a-t-il dit, sont susceptibles de consolider les efforts du Royaume et l\u2019initiative d\u2019autonomie en tant que solution pour r\u00e9soudre ce conflit artificiel.<\/p>\n<p>Le ministre a aussi salu\u00e9 plusieurs initiatives entreprises par la soci\u00e9t\u00e9 civile durant l\u2019ann\u00e9e en cours, rappelant que ces actions ont port\u00e9 sur la formation et le renforcement des capacit\u00e9s pour un plaidoyer agissant et efficace sur la marocanit\u00e9 du Sahara.<\/p>\n<p>Ce colloque annuel vise \u00e0 consacrer les acquis du premier colloque en mati\u00e8re de plaidoyer civil sur la marocanit\u00e9 du Sahara, \u00e0 doter les participants des comp\u00e9tences et des m\u00e9canismes du plaidoyer civil sur la premi\u00e8re cause nationale, \u00e0 s\u2019approprier un discours-plaidoyer multidimensionnel sur la question du Sahara, et \u00e0 bien saisir les derniers d\u00e9veloppements de ce dossier.<\/p>\n<p>Cet \u00e9v\u00e9nement s\u2019assigne \u00e9galement pour objectifs le passage \u00e0 des initiatives pratiques dans le domaine du plaidoyer civil sur la marocanit\u00e9 du Sahara, la valorisation des initiatives civiles qui enregistrent une \u00e9volution quantitative qui doit \u00eatre exploit\u00e9e et renforc\u00e9e, sans oublier d\u2019intensifier l\u2019action collective et d\u2019\u00e9tablir des passerelles entre les g\u00e9n\u00e9rations montantes et les acteurs ayant jet\u00e9 les bases du plaidoyer sur la question de l\u2019int\u00e9grit\u00e9 territoriale du Royaume.<\/p>\n<p>Afin d\u2019assurer l\u2019accompagnement des initiatives des associations de la soci\u00e9t\u00e9 civile pour un plaidoyer efficace, agissant et influent, fond\u00e9 sur des connaissances scientifiques solides, tout en \u00e9tant au fait des d\u00e9veloppements de la question de la cause nationale, et dot\u00e9 des m\u00e9canismes et outils du plaidoyer, le minist\u00e8re a lanc\u00e9 un programme multidimensionnel destin\u00e9 \u00e0 l\u2019ensemble des acteurs associatifs et portant, entre autres, sur la mise sur pied des m\u00e9canismes de formation et de renforcement des capacit\u00e9s, l\u2019\u00e9change des expertises et l\u2019encouragement des initiatives.<\/p>\n<p>Au menu de ce colloque, figurent des sessions scientifiques portant sur plusieurs th\u00e9matiques, dont les derniers d\u00e9veloppements de la cause nationale et le r\u00e8glement onusien \u00e0 l\u2019heure actuelle, l\u2019aspect juridique pour le renouvellement du discours-plaidoyer et le bilan du plaidoyer civil sur la marocanit\u00e9 du Sahara, outre la pr\u00e9sentation des principales exp\u00e9riences en mati\u00e8re de plaidoyer en 2018-2019, et l\u2019organisation d\u2019ateliers pratiques sur les comp\u00e9tences et techniques du plaidoyer.<\/p>\n<\/div>\n<p>Auteur: Meriem IGASS<br \/>\n<a href=\"http:\/\/www.mapmarrakech.ma\/fr\/plaidoyer-sur-la-marocanite-du-sahara-forte-adhesion-de-la-societe-civile\/\">Cliquez ici pour lire l&rsquo;article depuis sa source.<\/a><\/p>\n","protected":false},"excerpt":{"rendered":"<p>Marrakech \u2013 Le ministre charg\u00e9 des relations avec le parlement et la soci\u00e9t\u00e9 civile, Mustapha El Khalfi, a soulign\u00e9, vendredi \u00e0 Marrakech, la ferme volont\u00e9 de la soci\u00e9t\u00e9 civile marocaine d\u2019adh\u00e9rer avec efficience au plaidoyer sur la marocanit\u00e9 du Sahara, \u00e0 travers la participation aux colloques internationaux, onusiens et continentaux, et l\u2019approfondissement des connaissances sur [&hellip;]<\/p>\n","protected":false},"author":1788,"featured_media":0,"comment_status":"closed","ping_status":"closed","sticky":false,"template":"","format":"standard","meta":{"fifu_image_url":"","fifu_image_alt":"","footnotes":""},"categories":[54,76],"tags":[],"class_list":["post-45956","post","type-post","status-publish","format-standard","hentry","category-maroc","category-regions"],"_links":{"self":[{"href":"https:\/\/linitiative.ca\/International\/wp-json\/wp\/v2\/posts\/45956","targetHints":{"allow":["GET"]}}],"collection":[{"href":"https:\/\/linitiative.ca\/International\/wp-json\/wp\/v2\/posts"}],"about":[{"href":"https:\/\/linitiative.ca\/International\/wp-json\/wp\/v2\/types\/post"}],"author":[{"embeddable":true,"href":"https:\/\/linitiative.ca\/International\/wp-json\/wp\/v2\/users\/1788"}],"replies":[{"embeddable":true,"href":"https:\/\/linitiative.ca\/International\/wp-json\/wp\/v2\/comments?post=45956"}],"version-history":[{"count":0,"href":"https:\/\/linitiative.ca\/International\/wp-json\/wp\/v2\/posts\/45956\/revisions"}],"wp:attachment":[{"href":"https:\/\/linitiative.ca\/International\/wp-json\/wp\/v2\/media?parent=45956"}],"wp:term":[{"taxonomy":"category","embeddable":true,"href":"https:\/\/linitiative.ca\/International\/wp-json\/wp\/v2\/categories?post=45956"},{"taxonomy":"post_tag","embeddable":true,"href":"https:\/\/linitiative.ca\/International\/wp-json\/wp\/v2\/tags?post=45956"}],"curies":[{"name":"wp","href":"https:\/\/api.w.org\/{rel}","templated":true}]}}