{"id":45957,"date":"2019-07-13T11:17:33","date_gmt":"2019-07-13T15:17:33","guid":{"rendered":"https:\/\/linitiative.ca\/International\/role-preponderant-du-professionnel-dans-leconomie\/"},"modified":"2019-07-13T11:17:33","modified_gmt":"2019-07-13T15:17:33","slug":"role-preponderant-du-professionnel-dans-leconomie","status":"publish","type":"post","link":"https:\/\/linitiative.ca\/International\/role-preponderant-du-professionnel-dans-leconomie\/","title":{"rendered":"R\u00f4le pr\u00e9pond\u00e9rant du professionnel dans l\u2019\u00e9conomie"},"content":{"rendered":"<div readability=\"39\">\n<p>Marrakech \u2013 Le Chef du gouvernement, Saad Dine El Otmani, a mis en avant, vendredi \u00e0 Marrakech, le r\u00f4le pr\u00e9pond\u00e9rant jou\u00e9 par le professionnel dans le d\u00e9veloppement de l\u2019\u00e9conomie nationale aux c\u00f4t\u00e9s des Petites et Moyennes Entreprises (PME) qui contribuent amplement \u00e0 l\u2019employabilit\u00e9 de la main d\u2019\u0153uvre et \u00e0 la promotion de l\u2019\u00e9conomie de proximit\u00e9.<\/p>\n<\/div>\n<div readability=\"79\">\n<p>M. El Otmani, qui pr\u00e9sidait une rencontre de communication sous le th\u00e8me \u00ab\u00a0Le professionnel, un partenaire essentiel dans le d\u00e9veloppement de l\u2019\u00e9conomie nationale\u00a0\u00bb, organis\u00e9e par l\u2019Espace marocain des professionnels dans la r\u00e9gion de Marrakech-Safi, a indiqu\u00e9 que le gouvernement accorde un grand int\u00e9r\u00eat \u00e0 la cat\u00e9gorie des professionnels et des commer\u00e7ants ainsi qu\u2019aux PME, \u00e0 travers la mise sur pied de strat\u00e9gies sp\u00e9cifiques qui contribuent \u00e0 l\u2019am\u00e9lioration de leur situation socio-professionnelle.<\/p>\n<p>Dans ce sens, il a soulign\u00e9 la ferme volont\u00e9 de l\u2019Ex\u00e9cutif de trouver des solutions aux probl\u00e8mes auxquels fait face cette cat\u00e9gorie professionnelle, appelant au renforcement de la coop\u00e9ration entre les acteurs de la soci\u00e9t\u00e9 civile, les associations professionnelles, les pouvoirs publics et les syndicats en vue de transcender ces difficult\u00e9s.<\/p>\n<p>Le Chef du gouvernement a, en outre, abord\u00e9 le chantier ouvert en faveur des professionnels, \u00e0 savoir la couverture m\u00e9dicale et la retraite, ajoutant qu\u2019un dialogue et des discussions ont \u00e9t\u00e9 entam\u00e9s avec les instances professionnelles r\u00e9gies par la loi afin de d\u00e9finir les crit\u00e8res qui devront \u00eatre adopt\u00e9s pour garantir la couverture m\u00e9dicale et la retraite aux professionnels.<\/p>\n<p>Il a aussi \u00e9voqu\u00e9 la probl\u00e9matique des tranches fiscales pour les commer\u00e7ants b\u00e9n\u00e9ficiant d\u2019une comptabilit\u00e9 simplifi\u00e9e et insist\u00e9 sur la n\u00e9cessit\u00e9 de leur r\u00e9vision pour all\u00e9ger le fardeau de ces petits commer\u00e7ants, notant que de nouvelles mesures seront prises dans ce sens dans le cadre de la Loi de finances 2020.<\/p>\n<p>Cette rencontre de communication avait pour objectif de mettre en exergue le r\u00f4le jou\u00e9 par le professionnel comme acteur agissant dans la dynamisation de l\u2019\u00e9conomie nationale et en tant que cat\u00e9gorie plac\u00e9e par le gouvernement au c\u0153ur de ses programmes parall\u00e8lement aux r\u00e9formes socio-\u00e9conomiques visant \u00e0 promouvoir le secteur, ainsi que de jeter la lumi\u00e8re sur les projets pionniers et les opportunit\u00e9s d\u2019investissements dans la r\u00e9gion de Marrakech-Safi.<\/p>\n<p>Destin\u00e9e aux professionnels, artisans, commer\u00e7ants et aux hommes et femmes d\u2019affaires des secteurs public et priv\u00e9, cette rencontre a \u00e9t\u00e9 l\u2019occasion de favoriser un \u00e9change d\u2019id\u00e9es et d\u2019engager un d\u00e9bat constructif pour rapprocher les points de vue et inciter les professionnels \u00e0 b\u00e9n\u00e9ficier des programmes gouvernementaux, et de faire la lumi\u00e8re sur les probl\u00e8mes auxquels sont confront\u00e9s les professionnels dans la r\u00e9gion et prendre connaissance de leurs aspirations et attentes.<\/p>\n<\/div>\n<p>Auteur: Meriem IGASS<br \/>\n<a href=\"http:\/\/www.mapmarrakech.ma\/fr\/role-preponderant-du-professionnel-dans-leconomie-nationale\/\">Cliquez ici pour lire l&rsquo;article depuis sa source.<\/a><\/p>\n","protected":false},"excerpt":{"rendered":"<p>Marrakech \u2013 Le Chef du gouvernement, Saad Dine El Otmani, a mis en avant, vendredi \u00e0 Marrakech, le r\u00f4le pr\u00e9pond\u00e9rant jou\u00e9 par le professionnel dans le d\u00e9veloppement de l\u2019\u00e9conomie nationale aux c\u00f4t\u00e9s des Petites et Moyennes Entreprises (PME) qui contribuent amplement \u00e0 l\u2019employabilit\u00e9 de la main d\u2019\u0153uvre et \u00e0 la promotion de l\u2019\u00e9conomie de proximit\u00e9. [&hellip;]<\/p>\n","protected":false},"author":1788,"featured_media":0,"comment_status":"closed","ping_status":"closed","sticky":false,"template":"","format":"standard","meta":{"fifu_image_url":"","fifu_image_alt":"","footnotes":""},"categories":[54,76],"tags":[],"class_list":["post-45957","post","type-post","status-publish","format-standard","hentry","category-maroc","category-regions"],"_links":{"self":[{"href":"https:\/\/linitiative.ca\/International\/wp-json\/wp\/v2\/posts\/45957","targetHints":{"allow":["GET"]}}],"collection":[{"href":"https:\/\/linitiative.ca\/International\/wp-json\/wp\/v2\/posts"}],"about":[{"href":"https:\/\/linitiative.ca\/International\/wp-json\/wp\/v2\/types\/post"}],"author":[{"embeddable":true,"href":"https:\/\/linitiative.ca\/International\/wp-json\/wp\/v2\/users\/1788"}],"replies":[{"embeddable":true,"href":"https:\/\/linitiative.ca\/International\/wp-json\/wp\/v2\/comments?post=45957"}],"version-history":[{"count":0,"href":"https:\/\/linitiative.ca\/International\/wp-json\/wp\/v2\/posts\/45957\/revisions"}],"wp:attachment":[{"href":"https:\/\/linitiative.ca\/International\/wp-json\/wp\/v2\/media?parent=45957"}],"wp:term":[{"taxonomy":"category","embeddable":true,"href":"https:\/\/linitiative.ca\/International\/wp-json\/wp\/v2\/categories?post=45957"},{"taxonomy":"post_tag","embeddable":true,"href":"https:\/\/linitiative.ca\/International\/wp-json\/wp\/v2\/tags?post=45957"}],"curies":[{"name":"wp","href":"https:\/\/api.w.org\/{rel}","templated":true}]}}