{"id":45962,"date":"2019-07-13T11:57:12","date_gmt":"2019-07-13T15:57:12","guid":{"rendered":"https:\/\/linitiative.ca\/International\/artisanat-a-medea-vers-lamenagement-despaces-de-vente-dans-des-etablissements-hoteliers\/"},"modified":"2019-07-13T11:57:12","modified_gmt":"2019-07-13T15:57:12","slug":"artisanat-a-medea-vers-lamenagement-despaces-de-vente-dans-des-etablissements-hoteliers","status":"publish","type":"post","link":"https:\/\/linitiative.ca\/International\/artisanat-a-medea-vers-lamenagement-despaces-de-vente-dans-des-etablissements-hoteliers\/","title":{"rendered":"Artisanat \u00e0 M\u00e9d\u00e9a : vers l&rsquo;am\u00e9nagement d&rsquo;espaces de vente dans des \u00e9tablissements h\u00f4teliers"},"content":{"rendered":"<div>\n<div class=\"K2FeedIntroText\">\n<p><strong>MEDEA &#8211; Des espaces d\u00e9di\u00e9s \u00e0 la vente et \u00e0 la promotion des produits artisanaux seront am\u00e9nag\u00e9s dans des \u00e9tablissements h\u00f4teliers de la wilaya de M\u00e9d\u00e9a pour encourager les artisans locaux, a rapport\u00e9 samedi le directeur de la chambre locale de l&rsquo;artisanat et des m\u00e9tiers (CAM).<\/strong><\/p>\n<\/div>\n<div class=\"K2FeedFullText\">\n<p>L&rsquo;op\u00e9ration a \u00e9t\u00e9 lanc\u00e9e au niveau d&rsquo;un h\u00f4tel situ\u00e9 \u00e0 Berrouaghia (26 km \u00e0 l&rsquo;est de M\u00e9d\u00e9a). Un espace enti\u00e8rement d\u00e9di\u00e9 \u00e0 l&rsquo;artisanat local a \u00e9t\u00e9 am\u00e9nag\u00e9 au sein de cette structure h\u00f4teli\u00e8re, situ\u00e9e dans un<strong> \u00ab\u00a0carrefour commercial important\u00a0\u00bb<\/strong> du centre de la wilaya, a indiqu\u00e9 Slimane Mesgui.<\/p>\n<p><strong>\u00ab\u00a0L&rsquo;objectif de cette initiative est d&rsquo;aller au contact directe de la client\u00e8le, en lui offrant la possibilit\u00e9 de d\u00e9couvrir, \u00e0 travers les vitrines install\u00e9es dans une aile de l&rsquo;h\u00f4tel une gamme vari\u00e9e de produits\u00a0de l&rsquo;artisanat local, et l&rsquo;inciter ainsi \u00e0 acqu\u00e9rir un produit en guise de souvenir de son passage\u00a0\u00bb<\/strong>, a-t-il expliqu\u00e9.<\/p>\n<p>En sus de la client\u00e8le de l&rsquo;h\u00f4tel, cette op\u00e9ration de vente et de promotion cible un large public. En effet, elle permet de faire profiter les dizaines de personnes qui viennent assist\u00e9s aux soir\u00e9es d&rsquo;animation et\u00a0des rencontres organis\u00e9es au sein de l&rsquo;\u00e9tablissement, a ajout\u00e9 le directeur de la CAM.<\/p>\n<p>L&rsquo;espace de vente est consacr\u00e9 \u00ab\u00a0exclusivement\u00a0\u00bb aux produits artisanaux, issus du savoir-faire local, tels que les bijoux traditionnels des r\u00e9gions steppiques, la c\u00e9ramique d&rsquo;art ou la maroquinerie, de fa\u00e7on \u00e0 se\u00a0singulariser par rapport aux boutiques d&rsquo;artisanat qui vendent de tout\u00a0\u00bb, a fait savoir le responsable.<\/p>\n<p>La Chambre de l&rsquo;artisanat et des m\u00e9tiers compte signer <strong>\u00ab\u00a0prochainement\u00a0\u00bb<\/strong> des conventions avec d&rsquo;autres \u00e9tablissements h\u00f4teliers dans la r\u00e9gion, dans le but de g\u00e9n\u00e9raliser ces espaces et d&rsquo;offrir aux artisans des opportunit\u00e9s de commercialisation suppl\u00e9mentaires et contribuer ainsi \u00e0 la promotion de l&rsquo;artisanat locale, a-t-il conclu.<\/p>\n<p>\u00a0<\/p>\n<\/div>\n<\/div>\n<p>Auteur:<br \/>\n<a href=\"http:\/\/www.aps.dz\/regions\/91872-artisanat-a-medea-vers-l-amenagement-d-espaces-de-vente-dans-des-etablissements-hoteliers\">Cliquez ici pour lire l&rsquo;article depuis sa source.<\/a><\/p>\n","protected":false},"excerpt":{"rendered":"<p>MEDEA &#8211; Des espaces d\u00e9di\u00e9s \u00e0 la vente et \u00e0 la promotion des produits artisanaux seront am\u00e9nag\u00e9s dans des \u00e9tablissements h\u00f4teliers de la wilaya de M\u00e9d\u00e9a pour encourager les artisans locaux, a rapport\u00e9 samedi le directeur de la chambre locale de l&rsquo;artisanat et des m\u00e9tiers (CAM). L&rsquo;op\u00e9ration a \u00e9t\u00e9 lanc\u00e9e au niveau d&rsquo;un h\u00f4tel situ\u00e9 [&hellip;]<\/p>\n","protected":false},"author":1790,"featured_media":0,"comment_status":"closed","ping_status":"closed","sticky":false,"template":"","format":"standard","meta":{"fifu_image_url":"","fifu_image_alt":"","footnotes":""},"categories":[53,76],"tags":[],"class_list":["post-45962","post","type-post","status-publish","format-standard","hentry","category-algerie","category-regions"],"_links":{"self":[{"href":"https:\/\/linitiative.ca\/International\/wp-json\/wp\/v2\/posts\/45962","targetHints":{"allow":["GET"]}}],"collection":[{"href":"https:\/\/linitiative.ca\/International\/wp-json\/wp\/v2\/posts"}],"about":[{"href":"https:\/\/linitiative.ca\/International\/wp-json\/wp\/v2\/types\/post"}],"author":[{"embeddable":true,"href":"https:\/\/linitiative.ca\/International\/wp-json\/wp\/v2\/users\/1790"}],"replies":[{"embeddable":true,"href":"https:\/\/linitiative.ca\/International\/wp-json\/wp\/v2\/comments?post=45962"}],"version-history":[{"count":0,"href":"https:\/\/linitiative.ca\/International\/wp-json\/wp\/v2\/posts\/45962\/revisions"}],"wp:attachment":[{"href":"https:\/\/linitiative.ca\/International\/wp-json\/wp\/v2\/media?parent=45962"}],"wp:term":[{"taxonomy":"category","embeddable":true,"href":"https:\/\/linitiative.ca\/International\/wp-json\/wp\/v2\/categories?post=45962"},{"taxonomy":"post_tag","embeddable":true,"href":"https:\/\/linitiative.ca\/International\/wp-json\/wp\/v2\/tags?post=45962"}],"curies":[{"name":"wp","href":"https:\/\/api.w.org\/{rel}","templated":true}]}}