{"id":45966,"date":"2019-07-13T15:14:01","date_gmt":"2019-07-13T19:14:01","guid":{"rendered":"https:\/\/linitiative.ca\/International\/ligue-1-2-crb-sayoud-la-preparation-est-une-etape-importante-de-notre-saison\/"},"modified":"2019-07-13T15:14:01","modified_gmt":"2019-07-13T19:14:01","slug":"ligue-1-2-crb-sayoud-la-preparation-est-une-etape-importante-de-notre-saison","status":"publish","type":"post","link":"https:\/\/linitiative.ca\/International\/ligue-1-2-crb-sayoud-la-preparation-est-une-etape-importante-de-notre-saison\/","title":{"rendered":"Ligue 1 &amp; 2 : CRB &#8211; Sayoud: \u00abLa pr\u00e9paration est une \u00e9tape importante de notre saison\u00bb"},"content":{"rendered":"<div readability=\"32\">\n<p>Auteur : <span>Mohamed Lakehal<\/span> <span class=\"time\">samedi 13 juillet 2019 11:53<\/span><\/p>\n<\/div>\n<div id=\"post_core\" readability=\"78\">\n<p><strong>Comment est l\u2019ambiance au sein du groupe ?<\/strong><br \/>Excellente. Tout le monde s\u2019entend avec tout le monde. Il y a une bonne dynamique de travail et une certaine concurrence \u00e0 tous les niveaux qui fait que les joueurs sont tous focalis\u00e9s sur les entrainements et tout le travail qu\u2019il y a \u00e0 c\u00f4t\u00e9, au niveau de la r\u00e9cup\u00e9ration et du mental. On sent une r\u00e9elle conscience des joueurs. Ils savent tous que c\u2019est une \u00e9tape charni\u00e8re de notre saison et que si on veut r\u00e9aliser une saison exceptionnelle, on n\u2019a pas le droit de louper notre pr\u00e9paration.<br \/><strong>Comment jugez-vous l\u2019\u00e9volution du club depuis votre venue en janvier dernier ?<\/strong><br \/>Je ne vous cache pas que quand je suis venu, la situation sportive du club \u00e9tait catastrophique. Le club campait \u00e0 la derni\u00e8re place du classement et la menace de la rel\u00e9gation \u00e9tait pesante. Sur le plan administratif, les choses \u00e9taient en train de changer vers le bien. Allik \u00e9tait d\u00e9j\u00e0 en place depuis plusieurs semaines, tout comme le coach Abdelkader Amrani. Les dirigeants du groupe MADAR ont aussi mis ce qu\u2019il fallait pour redorer le blason du Chabab de Belouizdad et je pense qu\u2019ils sont en train de r\u00e9ussir leur mission.<br \/><strong>Qu\u2019est-ce qui a chang\u00e9 ?<\/strong><br \/>Tout a chang\u00e9 vers le mieux. Mais ce que je retiens le plus, c\u2019est bien \u00e9videmment le volet sportif. Il est le reflet si vous voulez du travail s\u00e9rieux effectu\u00e9 par la direction, les membres du staff technique et les joueurs. Et si on regarde bien ce qui a \u00e9t\u00e9 fait par le Chabab de Belouizdad depuis janvier dernier en termes de r\u00e9sultats sportifs, on est tent\u00e9 de dire que c\u2019est la meilleure \u00e9quipe en Alg\u00e9rie. De la derni\u00e8re place \u00e0 une victoire en Coupe d\u2019Alg\u00e9rie, il faut bien plus que du hasard et de la chance.<br \/><strong>Les objectifs du club ont \u00e9t\u00e9 revus \u00e0 la hausse. Pensez-vous avoir les moyens pour jouer les premiers r\u00f4les dans les comp\u00e9titions dans lesquelles vous serez engag\u00e9s \u00e0 partir du mois d\u2019ao\u00fbt ?<\/strong><br \/>Un travail est en train de se faire tant au niveau du renforcement de l\u2019effectif qu\u2019au niveau de la pr\u00e9paration des joueurs pour les \u00e9ch\u00e9ances \u00e0 venir. Le Chabab de Belouizdad est en train de grandir et de redevenir le club qu\u2019il a toujours \u00e9t\u00e9. D\u00e8s le mois d\u2019ao\u00fbt, on sera engag\u00e9 dans plusieurs comp\u00e9titions notamment le championnat et la Coupe de la CAF, deux comp\u00e9titions dans lesquelles on veut r\u00e9aliser un magnifique parcours.<br \/><strong>On dit que le Chabab est un club o\u00f9 la pression est tr\u00e8s particuli\u00e8re. Vous le confirmez ?<\/strong><br \/>C\u2019est un des clubs historiques de notre championnat et un des plus titr\u00e9s. C\u2019est donc tout \u00e0 fait normal que la pression soit diff\u00e9rente des autres clubs. Ici, les supporters te soutiennent \u00e0 fond et en contrepartie ils te demandent toujours de donner le meilleur de toi-m\u00eame. C\u2019est aussi \u00e7a qui fait l\u2019identit\u00e9 de ce grand club.<br \/><strong>Un dernier mot pour conclure ?<\/strong><br \/>Pour terminer, je lance un petit message \u00e0 nos supporters pour leur demander de nous soutenir comme la saison derni\u00e8re et d\u2019\u00eatre toujours derri\u00e8re nous. Je leur donne rendez-vous pour le mois prochain et la reprise de la comp\u00e9tition officielle.<\/p>\n<p><strong>Amrani augmente la charge de travail<\/strong><br \/>Cinq jours apr\u00e8s leur arriv\u00e9e en Tunisie, plus pr\u00e9cis\u00e9ment \u00e0 A\u00efn Draham o\u00f9 ils effectueront un stage de pr\u00e9paration de douze jours, les Belouizdadis commencent \u00e0 ressentir la premi\u00e8re grosse fatigue que peut engendrer un travail intense. En effet, depuis quelques s\u00e9ances d\u00e9j\u00e0, Abdelkader Amrani et Boudjenane, le pr\u00e9parateur physique du club, ont augment\u00e9 la charge de travail. Objectif : permettre aux joueurs de retrouver rapidement leur meilleur niveau physique.<\/p>\n<p><strong>Les joueurs affichent un bel \u00e9tat d\u2019esprit<\/strong><br \/>Les sp\u00e9cialistes la qualifient de p\u00e9riode charni\u00e8re de la saison. La pr\u00e9paration physique est en effet une \u00e9tape tr\u00e8s importante. Et en plus d\u2019une certaine fraicheur physique et mentale, elle n\u00e9cessite beaucoup de d\u00e9termination et de concentration. Deux qualit\u00e9s qui ont \u00e9t\u00e9 pr\u00e9conis\u00e9es aux joueurs avant m\u00eame le d\u00e9but de ce stage. Et apr\u00e8s quelques jours en Tunisie, le moins que l\u2019on puisse dire c\u2019est que les co\u00e9quipiers de Sayoud affichent un tr\u00e8s bel \u00e9tat d\u2019esprit. De quoi rassurer Amrani et ses adjoints.<\/p>\n<p><strong>Physique le matin, technico-tactique l\u2019apr\u00e8s-midi<\/strong><br \/>C\u2019est sous une grande chaleur que les Belouizdadis pr\u00e9parent la nouvelle saison sportive. Tabti et les autres suivent un programme bien trac\u00e9 depuis qu\u2019ils sont en Tunisie. Ainsi, le matin, ils ont rendez-vous sur le terrain ou en salle de gym pour travailler le physique. La deuxi\u00e8me s\u00e9ance quant \u00e0 elle est pr\u00e9vue en fin d\u2019apr\u00e8s-midi, sous une temp\u00e9rature plus douce et avec une charge moins importante. En effet, Amrani et son staff se penchent sur le technico-tactique chaque jour et travaillent d\u00e8s maintenant \u00e0 mettre les bases du jeu souhait\u00e9 la saison \u00e0 venir.<br \/>\u00a0<\/p>\n<p><strong>Publi\u00e9 dans :<\/strong> <span>CRB<\/span> <span>Amrani<\/span> <span>Tabti<\/span> <span>Sayoud<\/span><\/p>\n<\/div>\n<p>Auteur:<br \/>\n<a href=\"http:\/\/www.lebuteur.com\/article\/detail?titre=crb-sayoud-la-preparation-est-une-etape-importante-de-notre-saison&#038;id=90309&#038;utm_source=feedburner&#038;utm_medium=feed&#038;utm_campaign=Feed%3A+GalerieFArtciles+%28Les+derniers+articles++-+lebuteur.com%29\">Cliquez ici pour lire l&rsquo;article depuis sa source.<\/a><\/p>\n","protected":false},"excerpt":{"rendered":"<p>Auteur : Mohamed Lakehal samedi 13 juillet 2019 11:53 Comment est l\u2019ambiance au sein du groupe ?Excellente. Tout le monde s\u2019entend avec tout le monde. Il y a une bonne dynamique de travail et une certaine concurrence \u00e0 tous les niveaux qui fait que les joueurs sont tous focalis\u00e9s sur les entrainements et tout le [&hellip;]<\/p>\n","protected":false},"author":1738,"featured_media":45967,"comment_status":"closed","ping_status":"closed","sticky":false,"template":"","format":"standard","meta":{"fifu_image_url":"","fifu_image_alt":"","footnotes":""},"categories":[53,75],"tags":[],"class_list":["post-45966","post","type-post","status-publish","format-standard","has-post-thumbnail","hentry","category-algerie","category-sport"],"_links":{"self":[{"href":"https:\/\/linitiative.ca\/International\/wp-json\/wp\/v2\/posts\/45966","targetHints":{"allow":["GET"]}}],"collection":[{"href":"https:\/\/linitiative.ca\/International\/wp-json\/wp\/v2\/posts"}],"about":[{"href":"https:\/\/linitiative.ca\/International\/wp-json\/wp\/v2\/types\/post"}],"author":[{"embeddable":true,"href":"https:\/\/linitiative.ca\/International\/wp-json\/wp\/v2\/users\/1738"}],"replies":[{"embeddable":true,"href":"https:\/\/linitiative.ca\/International\/wp-json\/wp\/v2\/comments?post=45966"}],"version-history":[{"count":0,"href":"https:\/\/linitiative.ca\/International\/wp-json\/wp\/v2\/posts\/45966\/revisions"}],"wp:featuredmedia":[{"embeddable":true,"href":"https:\/\/linitiative.ca\/International\/wp-json\/"}],"wp:attachment":[{"href":"https:\/\/linitiative.ca\/International\/wp-json\/wp\/v2\/media?parent=45966"}],"wp:term":[{"taxonomy":"category","embeddable":true,"href":"https:\/\/linitiative.ca\/International\/wp-json\/wp\/v2\/categories?post=45966"},{"taxonomy":"post_tag","embeddable":true,"href":"https:\/\/linitiative.ca\/International\/wp-json\/wp\/v2\/tags?post=45966"}],"curies":[{"name":"wp","href":"https:\/\/api.w.org\/{rel}","templated":true}]}}