{"id":45968,"date":"2019-07-13T15:14:02","date_gmt":"2019-07-13T19:14:02","guid":{"rendered":"https:\/\/linitiative.ca\/International\/ligue-1-2-usma-le-stage-de-dely-ibrahim-commencera-demain\/"},"modified":"2019-07-13T15:14:02","modified_gmt":"2019-07-13T19:14:02","slug":"ligue-1-2-usma-le-stage-de-dely-ibrahim-commencera-demain","status":"publish","type":"post","link":"https:\/\/linitiative.ca\/International\/ligue-1-2-usma-le-stage-de-dely-ibrahim-commencera-demain\/","title":{"rendered":"Ligue 1 &amp; 2 : USMA: Le stage de Dely Ibrahim commencera demain"},"content":{"rendered":"<p>C\u2019est \u00e0 partir de demain dimanche que les Rouge et Noir vont rentrer en stage bloqu\u00e9, qui durera une semaine \u00e0 l\u2019h\u00f4tel l\u2019Olympic de Dely Ibrahim, apr\u00e8s une semaine tr\u00e8s p\u00e9nible effectu\u00e9e \u00e0 Alger par les camarades de Benkhelifa qui sont pass\u00e9s au biquotidien. Le technicien usmiste Billel Dziri compte \u00e9norm\u00e9ment sur cette p\u00e9riode pour permettre \u00e0 ses cap\u00e9s de hausser le rythme et surtout pour \u00eatre fin pr\u00eat au d\u00e9but de la comp\u00e9tition officielle, avant de passer \u00e0 l\u2019aspect technique lors de la derni\u00e8re partie du stage du Portugal. Entre-temps, il sera aussi question \u00e0 Dziri de stabiliser son effectif, sachant que jusque-l\u00e0, certaines choses ne sont pas encore au point, puisque le recrutement n\u2019est pas encore clos.<\/p>\n<p><strong>Dziri va miser sur le volet physique<\/strong><br \/>Pour ce qui est du programme de travail, le driver Billel Dziri va mettre le paquet pour assurer une meilleure condition physique \u00e0 ses cap\u00e9s. Autrement dit, l\u2019ex-coach du Nasria va pousser ses joueurs \u00e0 bout en leur dictant des exercices physiques tr\u00e8s pouss\u00e9s, apr\u00e8s que ces derniers ont bien r\u00e9pondu aux travaux de la premi\u00e8re partie de cette pr\u00e9paration. Ce sera aussi l\u2019occasion pour les nouveaux venus de s\u2019habituer au groupe, en attendant l\u2019arriv\u00e9e d\u2019autres joueurs pour le renforcer.<\/p>\n<p><strong>Le coach attend du renfort dans l\u2019axe d\u00e9fensif<\/strong><br \/>Par ailleurs, on a appris de source proche du club que le driver des Rouge et Noir serait en attente de recruter deux autres arri\u00e8res centraux, le compartiment qu\u2019il juge encore amoindri pour le moment, m\u00eame si ce dernier a d\u00e9j\u00e0 assur\u00e9 les services d\u2019Oukkal et Khiraoui. Pour cela, on affirme que Dziri attend l\u2019arriv\u00e9e de Belkaroui et Chafai, qui serait de retour, apr\u00e8s moult h\u00e9sitations quant \u00e0 opter pour les Vert et Rouge.<\/p>\n<p><strong>L\u2019avenir de Hamra et Benchikhoune sera connu cette semaine<\/strong><br \/>Lors de ce stage de Dely Ibrahim, il sera aussi question pour l\u2019entraineur de donner son avis d\u00e9finitif sur les deux arri\u00e8res, \u00e0 savoir Benchikhoune et Hamra. Il devra de ce fait encore les superviser pour d\u00e9cider une fois pour toutes s\u2019il doit les maintenir ou non dans son effectif la saison prochaine. Quant aux deux autres jeunes, Boumechra et Mahiousse, ces derniers sont certains de faire partie de l\u2019effectif de l\u2019USMA, la saison prochaine.<\/p>\n<p><strong>Il n\u2019attendra pas \u00e9ternellement Benkhemassa et Benyahia<\/strong><br \/>Quant aux deux autres joueurs qui n\u2019ont pas donn\u00e9 signe de vie depuis la fin du championnat pass\u00e9, \u00e0 savoir le milieu de terrain Benkhemassa et l\u2019arri\u00e8re central Benyahia, le coach Dziri aurait affirm\u00e9 \u00e0 ses responsables qu\u2019il serait important de savoir si ses deux joueurs reviendront au club ou non, au risque d\u2019\u00e9liminer leurs noms de sa liste.<\/p>\n<p><strong>Ellafi va rejoindre ses camarades<\/strong><br \/>Si d\u2019un c\u00f4t\u00e9, Benkhemassa et Benyahia n\u2019ont pas donn\u00e9 signe de vie depuis des semaines d\u00e9j\u00e0, l\u2019autre retardataire, \u00e0 savoir Ellafi, a confirm\u00e9 \u00e0 ses dirigeants sa venue prochaine en d\u00e9but de semaine, pour rentrer de plain-pied dans la pr\u00e9paration \u00e0 Dely Ibrahim. Une nouvelle qui a rassur\u00e9 le coach et surtout les supporters qui commen\u00e7aient vraiment \u00e0 s\u2019inqui\u00e9ter pour leur ligne offensive, au vu de leur poids dans ce compartiment.<\/p>\n<p><strong>Il va effectuer un programme sp\u00e9cifique pour rattraper le retard<\/strong><br \/>Enfin, le coach Dziri attend avec impatience l\u2019arriv\u00e9e de cet attaquant pour entamer le travail avec lui, celui-ci devra leur dicter un programme sp\u00e9cifique, o\u00f9 il sera contraint de travailler tr\u00e8s dur pour atteindre au moins les 50 % de la pr\u00e9paration effectu\u00e9e jusque-l\u00e0, avec le pr\u00e9parateur physique. D\u2019autre part, on a appris qu\u2019Ellafi aurait rassur\u00e9 ses dirigeants, lui qui ne se serait pas arr\u00eat\u00e9 de s\u2019entrainer chez lui.<\/p>\n<p><strong>Ils sont en avance dans la pr\u00e9paration sur leurs camarades<br \/>Les internationaux olympiques dans une meilleure condition physique<\/strong><\/p>\n<p>Il semble que les internationaux olympiques des Rouge et Noir veulent casser la baraque la saison prochaine, eux qui guettent la moindre opportunit\u00e9 pour se frayer un chemin parmi les seniors du club. Il s\u2019agit du gardien de but Siffour, du d\u00e9fenseur Hamra, des deux milieux de terrain Benhamouda et Belarbi, ainsi que le centre-avant Mahiousse, qui ont montr\u00e9 un bon niveau de pr\u00e9paration, eux qui sont en avance de deux semaines sur leurs co\u00e9quipiers du club, apr\u00e8s avoir tr\u00e8s bien travaill\u00e9 avec l\u2019\u00e9quipe nationale olympique. Il faut savoir que ces derniers sont en train de pr\u00e9parer leur confrontation importante face au Ghana, en pr\u00e9vision d\u2019une qualification aux JO de Tokyo de 2020.<\/p>\n<p><strong>Siffour est en train de montrer ses crocs<\/strong><br \/>Parmi ces jeunes internationaux olympiques de l\u2019USMA, on peut citer le gardien de but Siffour, qui, selon nos \u00e9chos, aurait montr\u00e9 de tr\u00e8s bonnes aptitudes lors de ce stage, lui qui aurait b\u00e9n\u00e9fici\u00e9 de la multiplication des stages avec les Verts pour s\u2019am\u00e9liorer dans ses prestations, au point de devenir le num\u00e9ro un en \u00e9quipe nationale. Du coup, il semble que ce dernier ne va pas se contenter du troisi\u00e8me r\u00f4le \u00e0 l\u2019USMA, et compte bien griller la politesse \u00e0 ses ain\u00e9s, Zemmamouche et Mansouri en l\u2019occurrence.<\/p>\n<p><strong>\u00a0Belarbi pour la confirmation<\/strong><br \/>Recrut\u00e9 lors du dernier march\u00e9 hivernal, le milieu de terrain Belarbi avait particip\u00e9 \u00e0 toutes les rencontres importantes de son \u00e9quipe de la fin de saison, en plus de ses belles prestations avec l\u2019\u00e9quipe nationale olympique, qui lui ont valu une meilleure exp\u00e9rience. Du coup, le jeune joueur attend la nouvelle saison pour confirmer tout le talent qu\u2019il a, et pourquoi pas devenir une pi\u00e8ce maitresse dans l\u2019\u00e9chiquier de Dziri \u00e0 l\u2019avenir, \u00e0 la suite du d\u00e9part de Benguit, et l\u2019ent\u00eatement de Benkhemassa de ne pas revenir.<\/p>\n<p><strong>Benhamouda, c\u2019est le capitaine de l\u2019EN Olympique<\/strong><br \/>Quant au capitaine de l\u2019\u00e9quipe nationale Olympique, Benhamouda en l\u2019occurrence, ce dernier compte bien se faire une place de titulaire cette saison avec le coach Dziri. Le joueur est impatient de faire \u00e9clater ses capacit\u00e9s avec des joueurs plus aguerris. Mieux encore, Benhamouda est un milieu de terrain polyvalent, et pourra donc jouer excentr\u00e9 sur les c\u00f4t\u00e9s, et aussi juste derri\u00e8re les attaquants pour les alimenter en bons ballons. Pour beaucoup, ce jeune joueur deviendra dans un avenir proche l\u2019une des pi\u00e8ces maitresses du club, et aura certainement son mot \u00e0 dire cette saison.<\/p>\n<p><strong>Mahiousse a m\u00fbri<\/strong><br \/>Apr\u00e8s une demi-saison de pr\u00eat pass\u00e9e \u00e0 l\u2019ASAM, o\u00f9 il a inscrit des buts importants qui ont permis de sauver la saison du nouveau promu, le centre-avant Aym\u00e8ne Mahiousse est revenu \u00e0 l\u2019USMA avec de meilleures intentions. Ce jeune avant-centre recrut\u00e9 par Serrar la saison pass\u00e9e, a promis d\u2019effectuer une belle saison \u00e0 ses dirigeants et \u00e0 son entraineur, lui qui est en avance sur ses camarades dans la pr\u00e9paration, et donc appel\u00e9 \u00e0 commencer la saison prochaine et surtout clouer le bec \u00e0 ses d\u00e9tracteurs.<\/p>\n<p><strong>Benchaa ne veut pas abdiquer<\/strong><br \/>M\u00eame si l\u2019attaquant Benchaa n\u2019a pas \u00e9t\u00e9 convoqu\u00e9 pour le stage de l\u2019\u00e9quipe nationale olympique, il se trouve que ce joueur n\u2019a nullement l\u2019intention de se laisser faire, lui qui a attir\u00e9 les regards lors de la premi\u00e8re partie du stage en \u00e9tant tr\u00e8s appliqu\u00e9 et assidu. Tr\u00e8s g\u00ean\u00e9 par les blessures la saison pass\u00e9e, ce jeune joueur est anim\u00e9 d\u2019une grande volont\u00e9 pour oublier sa premi\u00e8re saison avec l\u2019USMA.<\/p>\n<p><strong>Hamra, un joueur confirm\u00e9<\/strong><br \/>Pour sa part, le jeune arri\u00e8re central Abderrahmane Hamra et malgr\u00e9 le fait qu\u2019il n\u2019ait pas \u00e9t\u00e9 utilis\u00e9 la saison pass\u00e9e, n\u2019a \u00e0 aucun moment perdu sa place au sein de l\u2019\u00e9quipe nationale Olympique. Du coup, il confirme si besoin est qu\u2019il est un joueur confirm\u00e9, et peut donc chiper une place de titulaire dans le onze de Dziri, \u00e0 condition bien s\u00fbr de surprendre tout le monde et faire oublier les joueurs chevronn\u00e9s.<\/p>\n<p><strong>Publi\u00e9 dans :<\/strong> <span>Dziri<\/span> <span>Belarbi<\/span> <span>Bencha\u00e2<\/span> <span>Benhamouda<\/span> <span>Mahiousse<\/span> <span>USMA : Hamra<\/span> <span>Siffour<\/span><\/p>\n<p>Auteur:<br \/>\n<a href=\"http:\/\/www.lebuteur.com\/article\/detail?titre=usma-le-stage-de-dely-ibrahim-commencera-demain&#038;id=90308&#038;utm_source=feedburner&#038;utm_medium=feed&#038;utm_campaign=Feed%3A+GalerieFArtciles+%28Les+derniers+articles++-+lebuteur.com%29\">Cliquez ici pour lire l&rsquo;article depuis sa source.<\/a><\/p>\n","protected":false},"excerpt":{"rendered":"<p>C\u2019est \u00e0 partir de demain dimanche que les Rouge et Noir vont rentrer en stage bloqu\u00e9, qui durera une semaine \u00e0 l\u2019h\u00f4tel l\u2019Olympic de Dely Ibrahim, apr\u00e8s une semaine tr\u00e8s p\u00e9nible effectu\u00e9e \u00e0 Alger par les camarades de Benkhelifa qui sont pass\u00e9s au biquotidien. Le technicien usmiste Billel Dziri compte \u00e9norm\u00e9ment sur cette p\u00e9riode pour [&hellip;]<\/p>\n","protected":false},"author":1738,"featured_media":45969,"comment_status":"closed","ping_status":"closed","sticky":false,"template":"","format":"standard","meta":{"fifu_image_url":"","fifu_image_alt":"","footnotes":""},"categories":[53,75],"tags":[],"class_list":["post-45968","post","type-post","status-publish","format-standard","has-post-thumbnail","hentry","category-algerie","category-sport"],"_links":{"self":[{"href":"https:\/\/linitiative.ca\/International\/wp-json\/wp\/v2\/posts\/45968","targetHints":{"allow":["GET"]}}],"collection":[{"href":"https:\/\/linitiative.ca\/International\/wp-json\/wp\/v2\/posts"}],"about":[{"href":"https:\/\/linitiative.ca\/International\/wp-json\/wp\/v2\/types\/post"}],"author":[{"embeddable":true,"href":"https:\/\/linitiative.ca\/International\/wp-json\/wp\/v2\/users\/1738"}],"replies":[{"embeddable":true,"href":"https:\/\/linitiative.ca\/International\/wp-json\/wp\/v2\/comments?post=45968"}],"version-history":[{"count":0,"href":"https:\/\/linitiative.ca\/International\/wp-json\/wp\/v2\/posts\/45968\/revisions"}],"wp:featuredmedia":[{"embeddable":true,"href":"https:\/\/linitiative.ca\/International\/wp-json\/"}],"wp:attachment":[{"href":"https:\/\/linitiative.ca\/International\/wp-json\/wp\/v2\/media?parent=45968"}],"wp:term":[{"taxonomy":"category","embeddable":true,"href":"https:\/\/linitiative.ca\/International\/wp-json\/wp\/v2\/categories?post=45968"},{"taxonomy":"post_tag","embeddable":true,"href":"https:\/\/linitiative.ca\/International\/wp-json\/wp\/v2\/tags?post=45968"}],"curies":[{"name":"wp","href":"https:\/\/api.w.org\/{rel}","templated":true}]}}