{"id":45974,"date":"2019-07-13T15:14:06","date_gmt":"2019-07-13T19:14:06","guid":{"rendered":"https:\/\/linitiative.ca\/International\/afrique-senegal-cisse-giresse-connait-bien-notre-selection-mais\/"},"modified":"2019-07-13T15:14:06","modified_gmt":"2019-07-13T19:14:06","slug":"afrique-senegal-cisse-giresse-connait-bien-notre-selection-mais","status":"publish","type":"post","link":"https:\/\/linitiative.ca\/International\/afrique-senegal-cisse-giresse-connait-bien-notre-selection-mais\/","title":{"rendered":"Afrique : S\u00e9n\u00e9gal &#8211; Ciss\u00e9 : \u00ab\u00a0Giresse connait bien notre s\u00e9lection, mais&#8230;\u00a0\u00bb"},"content":{"rendered":"<div readability=\"32\">\n<p>Auteur : <span class=\"time\">samedi 13 juillet 2019 12:01<\/span><\/p>\n<\/div>\n<div id=\"post_core\" readability=\"56\">\n<p>\u00ab\u00a0Ce n&rsquo;est pas Alain Giresse contre Aliou Ciss\u00e9, c&rsquo;est la Tunisie contre le S\u00e9n\u00e9gal\u00a0\u00bb, a assur\u00e9 samedi le s\u00e9lectionneur des Lions de la Teranga Aliou Ciss\u00e9, avant d&rsquo;affronter, dimanche en demi-finale de la CAN, celui qu&rsquo;il a remplac\u00e9 en 2015.<\/p>\n<p>\u00ab\u00a0Dans le foot, on se conna\u00eet tous, c&rsquo;est une grande et une petite famille \u00e0 la fois. Alain conna\u00eet tr\u00e8s bien le S\u00e9n\u00e9gal, mais nous aussi, on conna\u00eet bien la Tunisie\u00a0\u00bb, a expliqu\u00e9 le coach aux dreadlocks depuis Le Caire. L&rsquo;ancien d\u00e9fenseur du Paris SG a pris ses fonctions apr\u00e8s la CAN-2015, conclue par une \u00e9limination d\u00e8s la phase de poules, qui a scell\u00e9 le sort du technicien fran\u00e7ais deux ans apr\u00e8s son arriv\u00e9e. \u00ab\u00a0Si le match se r\u00e9sumait \u00e0 la connaissance que j&rsquo;ai des joueurs, ce serait une bonne chose. Mais la r\u00e9alit\u00e9 est toute autre. La connaissance et les relations sont une chose, c&rsquo;est le terrain qui est le plus important\u00a0\u00bb, a estim\u00e9 le coach des Aigles de Carthage plus t\u00f4t dans la matin\u00e9e. \u00ab\u00a0C&rsquo;est assez sp\u00e9cial de se retrouver de l&rsquo;autre c\u00f4t\u00e9. C&rsquo;est un esprit personnel, mais qui ne concerne que moi. Ca ne rentre pas en compte dans la pr\u00e9paration des joueurs tunisiens\u00a0\u00bb, a-t-il poursuivi comme rapport\u00e9 par Sport24.<\/p>\n<p><strong>Publi\u00e9 dans :<\/strong> <span>s\u00e9n\u00e9gal<\/span><\/p>\n<\/div>\n<p>Auteur:<br \/>\n<a href=\"http:\/\/www.lebuteur.com\/article\/detail?titre=senegal-cisse-giresse-connait-bien-notre-selection-mais&#038;id=90323&#038;utm_source=feedburner&#038;utm_medium=feed&#038;utm_campaign=Feed%3A+GalerieFArtciles+%28Les+derniers+articles++-+lebuteur.com%29\">Cliquez ici pour lire l&rsquo;article depuis sa source.<\/a><\/p>\n","protected":false},"excerpt":{"rendered":"<p>Auteur : samedi 13 juillet 2019 12:01 \u00ab\u00a0Ce n&rsquo;est pas Alain Giresse contre Aliou Ciss\u00e9, c&rsquo;est la Tunisie contre le S\u00e9n\u00e9gal\u00a0\u00bb, a assur\u00e9 samedi le s\u00e9lectionneur des Lions de la Teranga Aliou Ciss\u00e9, avant d&rsquo;affronter, dimanche en demi-finale de la CAN, celui qu&rsquo;il a remplac\u00e9 en 2015. \u00ab\u00a0Dans le foot, on se conna\u00eet tous, c&rsquo;est [&hellip;]<\/p>\n","protected":false},"author":1738,"featured_media":45975,"comment_status":"closed","ping_status":"closed","sticky":false,"template":"","format":"standard","meta":{"fifu_image_url":"","fifu_image_alt":"","footnotes":""},"categories":[53,75],"tags":[],"class_list":["post-45974","post","type-post","status-publish","format-standard","has-post-thumbnail","hentry","category-algerie","category-sport"],"_links":{"self":[{"href":"https:\/\/linitiative.ca\/International\/wp-json\/wp\/v2\/posts\/45974","targetHints":{"allow":["GET"]}}],"collection":[{"href":"https:\/\/linitiative.ca\/International\/wp-json\/wp\/v2\/posts"}],"about":[{"href":"https:\/\/linitiative.ca\/International\/wp-json\/wp\/v2\/types\/post"}],"author":[{"embeddable":true,"href":"https:\/\/linitiative.ca\/International\/wp-json\/wp\/v2\/users\/1738"}],"replies":[{"embeddable":true,"href":"https:\/\/linitiative.ca\/International\/wp-json\/wp\/v2\/comments?post=45974"}],"version-history":[{"count":0,"href":"https:\/\/linitiative.ca\/International\/wp-json\/wp\/v2\/posts\/45974\/revisions"}],"wp:featuredmedia":[{"embeddable":true,"href":"https:\/\/linitiative.ca\/International\/wp-json\/"}],"wp:attachment":[{"href":"https:\/\/linitiative.ca\/International\/wp-json\/wp\/v2\/media?parent=45974"}],"wp:term":[{"taxonomy":"category","embeddable":true,"href":"https:\/\/linitiative.ca\/International\/wp-json\/wp\/v2\/categories?post=45974"},{"taxonomy":"post_tag","embeddable":true,"href":"https:\/\/linitiative.ca\/International\/wp-json\/wp\/v2\/tags?post=45974"}],"curies":[{"name":"wp","href":"https:\/\/api.w.org\/{rel}","templated":true}]}}