{"id":45976,"date":"2019-07-13T15:14:07","date_gmt":"2019-07-13T19:14:07","guid":{"rendered":"https:\/\/linitiative.ca\/International\/equipe-dalgerie-en-belmadi-nous-voulons-ecrire-notre-histoire\/"},"modified":"2019-07-13T15:14:07","modified_gmt":"2019-07-13T19:14:07","slug":"equipe-dalgerie-en-belmadi-nous-voulons-ecrire-notre-histoire","status":"publish","type":"post","link":"https:\/\/linitiative.ca\/International\/equipe-dalgerie-en-belmadi-nous-voulons-ecrire-notre-histoire\/","title":{"rendered":"Equipe d&rsquo;Alg\u00e9rie : EN &#8211; Belmadi : \u00ab\u00a0Nous voulons \u00e9crire notre histoire\u00a0\u00bb"},"content":{"rendered":"<div readability=\"32\">\n<p>Auteur : <span class=\"time\">samedi 13 juillet 2019 12:14<\/span><\/p>\n<\/div>\n<div id=\"post_core\" readability=\"43\">\n<p>Interrog\u00e9 sur le fait que l&rsquo;Alg\u00e9rie n&rsquo;a remport\u00e9 qu&rsquo;une seule coupe d&rsquo;Afrique dans\u00a0 son histoire, Djamel Belmadi a d\u00e9clar\u00e9 :<\/p>\n<p>\u00ab\u00a0La CAN que l&rsquo;Alg\u00e9rie a remport\u00e9 c&rsquo;\u00e9tait en 1990. Ce qui n&rsquo;est pas r\u00e9cent. En plus c&rsquo;\u00e9tait \u00e0 la maison. Comme nous n&rsquo;en avons jamais remport\u00e9 \u00e0 l&rsquo;ext\u00e9rieur, c&rsquo;est forc\u00e9ment plus compliqu\u00e9. On court derri\u00e8re cet objectif (remporter la CAN, ndlr). On veut \u00e9crire notre histoire. Mes joueurs veulent \u00e9crire leur propre histoire. Pour \u00e7a, il nous reste encore deux pas \u00e0 faire. Deux pas qui seront tr\u00e8s compliqu\u00e9s mais on fera notre possible pour atteindre cet objectif. Mais d&rsquo;abord, il faudra battre le Nigeria demain\u00a0\u00bb.<\/p>\n<p><strong>Publi\u00e9 dans :<\/strong> <span>algerie<\/span><\/p>\n<\/div>\n<p>Auteur:<br \/>\n<a href=\"http:\/\/www.lebuteur.com\/article\/detail?titre=en-belmadi-nous-voulons-ecrire-notre-histoire&#038;id=90324&#038;utm_source=feedburner&#038;utm_medium=feed&#038;utm_campaign=Feed%3A+GalerieFArtciles+%28Les+derniers+articles++-+lebuteur.com%29\">Cliquez ici pour lire l&rsquo;article depuis sa source.<\/a><\/p>\n","protected":false},"excerpt":{"rendered":"<p>Auteur : samedi 13 juillet 2019 12:14 Interrog\u00e9 sur le fait que l&rsquo;Alg\u00e9rie n&rsquo;a remport\u00e9 qu&rsquo;une seule coupe d&rsquo;Afrique dans\u00a0 son histoire, Djamel Belmadi a d\u00e9clar\u00e9 : \u00ab\u00a0La CAN que l&rsquo;Alg\u00e9rie a remport\u00e9 c&rsquo;\u00e9tait en 1990. Ce qui n&rsquo;est pas r\u00e9cent. En plus c&rsquo;\u00e9tait \u00e0 la maison. Comme nous n&rsquo;en avons jamais remport\u00e9 \u00e0 l&rsquo;ext\u00e9rieur, [&hellip;]<\/p>\n","protected":false},"author":1738,"featured_media":45977,"comment_status":"closed","ping_status":"closed","sticky":false,"template":"","format":"standard","meta":{"fifu_image_url":"","fifu_image_alt":"","footnotes":""},"categories":[53,75],"tags":[],"class_list":["post-45976","post","type-post","status-publish","format-standard","has-post-thumbnail","hentry","category-algerie","category-sport"],"_links":{"self":[{"href":"https:\/\/linitiative.ca\/International\/wp-json\/wp\/v2\/posts\/45976","targetHints":{"allow":["GET"]}}],"collection":[{"href":"https:\/\/linitiative.ca\/International\/wp-json\/wp\/v2\/posts"}],"about":[{"href":"https:\/\/linitiative.ca\/International\/wp-json\/wp\/v2\/types\/post"}],"author":[{"embeddable":true,"href":"https:\/\/linitiative.ca\/International\/wp-json\/wp\/v2\/users\/1738"}],"replies":[{"embeddable":true,"href":"https:\/\/linitiative.ca\/International\/wp-json\/wp\/v2\/comments?post=45976"}],"version-history":[{"count":0,"href":"https:\/\/linitiative.ca\/International\/wp-json\/wp\/v2\/posts\/45976\/revisions"}],"wp:featuredmedia":[{"embeddable":true,"href":"https:\/\/linitiative.ca\/International\/wp-json\/"}],"wp:attachment":[{"href":"https:\/\/linitiative.ca\/International\/wp-json\/wp\/v2\/media?parent=45976"}],"wp:term":[{"taxonomy":"category","embeddable":true,"href":"https:\/\/linitiative.ca\/International\/wp-json\/wp\/v2\/categories?post=45976"},{"taxonomy":"post_tag","embeddable":true,"href":"https:\/\/linitiative.ca\/International\/wp-json\/wp\/v2\/tags?post=45976"}],"curies":[{"name":"wp","href":"https:\/\/api.w.org\/{rel}","templated":true}]}}