{"id":45978,"date":"2019-07-13T15:14:08","date_gmt":"2019-07-13T19:14:08","guid":{"rendered":"https:\/\/linitiative.ca\/International\/equipe-dalgerie-en-quand-belmadi-recadre-une-journaliste-nigeriane-video\/"},"modified":"2019-07-13T15:14:08","modified_gmt":"2019-07-13T19:14:08","slug":"equipe-dalgerie-en-quand-belmadi-recadre-une-journaliste-nigeriane-video","status":"publish","type":"post","link":"https:\/\/linitiative.ca\/International\/equipe-dalgerie-en-quand-belmadi-recadre-une-journaliste-nigeriane-video\/","title":{"rendered":"Equipe d&rsquo;Alg\u00e9rie : EN : Quand Belmadi recadre une journaliste nig\u00e9riane (Vid\u00e9o)"},"content":{"rendered":"<div readability=\"32\">\n<p>Auteur : <span class=\"time\">samedi 13 juillet 2019 12:32<\/span><\/p>\n<\/div>\n<div id=\"post_core\" readability=\"36\">\n<p>La journaliste en question est revenu sur un incident entre Bensebaini et Zaha lors du match face \u00e0 la C\u00f4te d&rsquo;Ivoire, qualifiant le geste du d\u00e9fenseur de Rennes comme un \u00ab\u00a0affreux comportement\u00a0\u00bb. Une description qui n&rsquo;a pas forc\u00e9ment plu \u00e0 Belmadi qui a regrett\u00e9 cette flagrante tentative de destabilisation. Le coach a d&rsquo;ailleurs r\u00e9pliqu\u00e9 de fort belle mani\u00e8re :<\/p>\n<p><iframe loading=\"lazy\" allow=\"accelerometer; autoplay; encrypted-media; gyroscope; picture-in-picture\" allowfullscreen=\"\" frameborder=\"0\" height=\"315\" src=\"https:\/\/www.youtube.com\/embed\/MQ4v_quk0o4\" width=\"560\">[embedded content]<\/iframe><\/p>\n<p><strong>Publi\u00e9 dans :<\/strong> <span>algerie<\/span><\/p>\n<\/div>\n<p>Auteur:<br \/>\n<a href=\"http:\/\/www.lebuteur.com\/article\/detail?titre=en-quand-belmadi-recadre-une-journaliste-nigeriane-video&#038;id=90325&#038;utm_source=feedburner&#038;utm_medium=feed&#038;utm_campaign=Feed%3A+GalerieFArtciles+%28Les+derniers+articles++-+lebuteur.com%29\">Cliquez ici pour lire l&rsquo;article depuis sa source.<\/a><\/p>\n","protected":false},"excerpt":{"rendered":"<p>Auteur : samedi 13 juillet 2019 12:32 La journaliste en question est revenu sur un incident entre Bensebaini et Zaha lors du match face \u00e0 la C\u00f4te d&rsquo;Ivoire, qualifiant le geste du d\u00e9fenseur de Rennes comme un \u00ab\u00a0affreux comportement\u00a0\u00bb. Une description qui n&rsquo;a pas forc\u00e9ment plu \u00e0 Belmadi qui a regrett\u00e9 cette flagrante tentative de [&hellip;]<\/p>\n","protected":false},"author":1738,"featured_media":45979,"comment_status":"closed","ping_status":"closed","sticky":false,"template":"","format":"standard","meta":{"fifu_image_url":"","fifu_image_alt":"","footnotes":""},"categories":[53,75],"tags":[],"class_list":["post-45978","post","type-post","status-publish","format-standard","has-post-thumbnail","hentry","category-algerie","category-sport"],"_links":{"self":[{"href":"https:\/\/linitiative.ca\/International\/wp-json\/wp\/v2\/posts\/45978","targetHints":{"allow":["GET"]}}],"collection":[{"href":"https:\/\/linitiative.ca\/International\/wp-json\/wp\/v2\/posts"}],"about":[{"href":"https:\/\/linitiative.ca\/International\/wp-json\/wp\/v2\/types\/post"}],"author":[{"embeddable":true,"href":"https:\/\/linitiative.ca\/International\/wp-json\/wp\/v2\/users\/1738"}],"replies":[{"embeddable":true,"href":"https:\/\/linitiative.ca\/International\/wp-json\/wp\/v2\/comments?post=45978"}],"version-history":[{"count":0,"href":"https:\/\/linitiative.ca\/International\/wp-json\/wp\/v2\/posts\/45978\/revisions"}],"wp:featuredmedia":[{"embeddable":true,"href":"https:\/\/linitiative.ca\/International\/wp-json\/"}],"wp:attachment":[{"href":"https:\/\/linitiative.ca\/International\/wp-json\/wp\/v2\/media?parent=45978"}],"wp:term":[{"taxonomy":"category","embeddable":true,"href":"https:\/\/linitiative.ca\/International\/wp-json\/wp\/v2\/categories?post=45978"},{"taxonomy":"post_tag","embeddable":true,"href":"https:\/\/linitiative.ca\/International\/wp-json\/wp\/v2\/tags?post=45978"}],"curies":[{"name":"wp","href":"https:\/\/api.w.org\/{rel}","templated":true}]}}