{"id":45980,"date":"2019-07-13T15:14:09","date_gmt":"2019-07-13T19:14:09","guid":{"rendered":"https:\/\/linitiative.ca\/International\/equipe-dalgerie-en-belmadi-on-veut-produire-un-match-de-qualite-qui-va-nous-permettre-daller-en-finale\/"},"modified":"2019-07-13T15:14:09","modified_gmt":"2019-07-13T19:14:09","slug":"equipe-dalgerie-en-belmadi-on-veut-produire-un-match-de-qualite-qui-va-nous-permettre-daller-en-finale","status":"publish","type":"post","link":"https:\/\/linitiative.ca\/International\/equipe-dalgerie-en-belmadi-on-veut-produire-un-match-de-qualite-qui-va-nous-permettre-daller-en-finale\/","title":{"rendered":"Equipe d&rsquo;Alg\u00e9rie : EN &#8211; Belmadi : \u00ab\u00a0On veut produire un match de qualit\u00e9 qui va nous permettre d&rsquo;aller en finale\u00a0\u00bb"},"content":{"rendered":"<div readability=\"32\">\n<p>Auteur : <span class=\"time\">samedi 13 juillet 2019 12:47<\/span><\/p>\n<\/div>\n<div id=\"post_core\" readability=\"44\">\n<p>Rappel\u00e9 par un journaliste sur sa participation aux qualifs pour la Coupe du Monde 2002 alors que l&rsquo;Alg\u00e9rie avait affront\u00e9 l&rsquo;Egypte au Caire, Belmadi a expliqu\u00e9 que les choses \u00e9taient diff\u00e9rentes \u00e0 pr\u00e9sent qu&rsquo;il est entraineur :<\/p>\n<p>\u00ab\u00a0Ma carri\u00e8re de joueur est une chose, ma carri\u00e8re d&rsquo;entraineur en est une autre. Bien s\u00fbr, je me sers de mon exp\u00e9rience de joueur dans ce que je fais aujourd&rsquo;hui, mais c&rsquo;est une t\u00e2che qui est assez diff\u00e9rente. Donc ce qui est pass\u00e9 est pass\u00e9. On joue certes dans un lieu que je connais, mais je suis dans une position diff\u00e9rente qui est celle de coach. Donc on va essayer de produire un match de qualit\u00e9 et qui va nous permettre d&rsquo;aller en finale. Ce ne sera pas facile mais c&rsquo;est notre principal objectif demain\u00a0\u00bb.<\/p>\n<p><strong>Publi\u00e9 dans :<\/strong> <span>algerie<\/span><\/p>\n<\/div>\n<p>Auteur:<br \/>\n<a href=\"http:\/\/www.lebuteur.com\/article\/detail?titre=en-belmadi-on-veut-produire-un-match-de-qualite-qui-va-nous-permettre-daller-en-finale&#038;id=90326&#038;utm_source=feedburner&#038;utm_medium=feed&#038;utm_campaign=Feed%3A+GalerieFArtciles+%28Les+derniers+articles++-+lebuteur.com%29\">Cliquez ici pour lire l&rsquo;article depuis sa source.<\/a><\/p>\n","protected":false},"excerpt":{"rendered":"<p>Auteur : samedi 13 juillet 2019 12:47 Rappel\u00e9 par un journaliste sur sa participation aux qualifs pour la Coupe du Monde 2002 alors que l&rsquo;Alg\u00e9rie avait affront\u00e9 l&rsquo;Egypte au Caire, Belmadi a expliqu\u00e9 que les choses \u00e9taient diff\u00e9rentes \u00e0 pr\u00e9sent qu&rsquo;il est entraineur : \u00ab\u00a0Ma carri\u00e8re de joueur est une chose, ma carri\u00e8re d&rsquo;entraineur en [&hellip;]<\/p>\n","protected":false},"author":1738,"featured_media":45981,"comment_status":"closed","ping_status":"closed","sticky":false,"template":"","format":"standard","meta":{"fifu_image_url":"","fifu_image_alt":"","footnotes":""},"categories":[53,75],"tags":[],"class_list":["post-45980","post","type-post","status-publish","format-standard","has-post-thumbnail","hentry","category-algerie","category-sport"],"_links":{"self":[{"href":"https:\/\/linitiative.ca\/International\/wp-json\/wp\/v2\/posts\/45980","targetHints":{"allow":["GET"]}}],"collection":[{"href":"https:\/\/linitiative.ca\/International\/wp-json\/wp\/v2\/posts"}],"about":[{"href":"https:\/\/linitiative.ca\/International\/wp-json\/wp\/v2\/types\/post"}],"author":[{"embeddable":true,"href":"https:\/\/linitiative.ca\/International\/wp-json\/wp\/v2\/users\/1738"}],"replies":[{"embeddable":true,"href":"https:\/\/linitiative.ca\/International\/wp-json\/wp\/v2\/comments?post=45980"}],"version-history":[{"count":0,"href":"https:\/\/linitiative.ca\/International\/wp-json\/wp\/v2\/posts\/45980\/revisions"}],"wp:featuredmedia":[{"embeddable":true,"href":"https:\/\/linitiative.ca\/International\/wp-json\/"}],"wp:attachment":[{"href":"https:\/\/linitiative.ca\/International\/wp-json\/wp\/v2\/media?parent=45980"}],"wp:term":[{"taxonomy":"category","embeddable":true,"href":"https:\/\/linitiative.ca\/International\/wp-json\/wp\/v2\/categories?post=45980"},{"taxonomy":"post_tag","embeddable":true,"href":"https:\/\/linitiative.ca\/International\/wp-json\/wp\/v2\/tags?post=45980"}],"curies":[{"name":"wp","href":"https:\/\/api.w.org\/{rel}","templated":true}]}}