{"id":45984,"date":"2019-07-12T19:00:00","date_gmt":"2019-07-12T23:00:00","guid":{"rendered":"https:\/\/linitiative.ca\/International\/presidence-de-la-republique-nomination-de-trois-nouveaux-directeurs\/"},"modified":"2019-07-12T19:00:00","modified_gmt":"2019-07-12T23:00:00","slug":"presidence-de-la-republique-nomination-de-trois-nouveaux-directeurs","status":"publish","type":"post","link":"https:\/\/linitiative.ca\/International\/presidence-de-la-republique-nomination-de-trois-nouveaux-directeurs\/","title":{"rendered":"Pr\u00e9sidence  de la R\u00e9publique  :  Nomination de trois  nouveaux directeurs"},"content":{"rendered":"<p>La Pr\u00e9sidence de la R\u00e9publique a annonc\u00e9 jeudi dernier la nomination de trois nouveaux directeurs des cadres, des r\u00e9sidences officielles d&rsquo;Etat et de l&rsquo;administration g\u00e9n\u00e9rale. \u00ab\u00a0Il a \u00e9t\u00e9 proc\u00e9d\u00e9 \u00e0 la nomination de trois\u00a0 cadres \u00e0 la pr\u00e9sidence de la R\u00e9publique.<\/p>\n<p>\u00a0Il s&rsquo;agit de M. Chakour Mohamed, en qualit\u00e9 de directeur des cadres, M. Rachedi Ahmed, en qualit\u00e9 de directeur des r\u00e9sidences officielles d&rsquo;Etat et de M. Djemoui Abdelhamid, en qualit\u00e9 de directeur de l&rsquo;administration\u00a0 \u00a0g\u00e9n\u00e9rale\u00a0\u00bb.<\/p>\n<p>Auteur: elmoudjahid<br \/>\n<a href=\"http:\/\/www.elmoudjahid.com\/fr\/actualites\/139221\">Cliquez ici pour lire l&rsquo;article depuis sa source.<\/a><\/p>\n","protected":false},"excerpt":{"rendered":"<p>La Pr\u00e9sidence de la R\u00e9publique a annonc\u00e9 jeudi dernier la nomination de trois nouveaux directeurs des cadres, des r\u00e9sidences officielles d&rsquo;Etat et de l&rsquo;administration g\u00e9n\u00e9rale. \u00ab\u00a0Il a \u00e9t\u00e9 proc\u00e9d\u00e9 \u00e0 la nomination de trois\u00a0 cadres \u00e0 la pr\u00e9sidence de la R\u00e9publique. \u00a0Il s&rsquo;agit de M. Chakour Mohamed, en qualit\u00e9 de directeur des cadres, M. Rachedi [&hellip;]<\/p>\n","protected":false},"author":1744,"featured_media":0,"comment_status":"closed","ping_status":"closed","sticky":false,"template":"","format":"standard","meta":{"fifu_image_url":"","fifu_image_alt":"","footnotes":""},"categories":[73,53],"tags":[],"class_list":["post-45984","post","type-post","status-publish","format-standard","hentry","category-actualite","category-algerie"],"_links":{"self":[{"href":"https:\/\/linitiative.ca\/International\/wp-json\/wp\/v2\/posts\/45984","targetHints":{"allow":["GET"]}}],"collection":[{"href":"https:\/\/linitiative.ca\/International\/wp-json\/wp\/v2\/posts"}],"about":[{"href":"https:\/\/linitiative.ca\/International\/wp-json\/wp\/v2\/types\/post"}],"author":[{"embeddable":true,"href":"https:\/\/linitiative.ca\/International\/wp-json\/wp\/v2\/users\/1744"}],"replies":[{"embeddable":true,"href":"https:\/\/linitiative.ca\/International\/wp-json\/wp\/v2\/comments?post=45984"}],"version-history":[{"count":0,"href":"https:\/\/linitiative.ca\/International\/wp-json\/wp\/v2\/posts\/45984\/revisions"}],"wp:attachment":[{"href":"https:\/\/linitiative.ca\/International\/wp-json\/wp\/v2\/media?parent=45984"}],"wp:term":[{"taxonomy":"category","embeddable":true,"href":"https:\/\/linitiative.ca\/International\/wp-json\/wp\/v2\/categories?post=45984"},{"taxonomy":"post_tag","embeddable":true,"href":"https:\/\/linitiative.ca\/International\/wp-json\/wp\/v2\/tags?post=45984"}],"curies":[{"name":"wp","href":"https:\/\/api.w.org\/{rel}","templated":true}]}}