{"id":45985,"date":"2019-07-12T19:00:00","date_gmt":"2019-07-12T23:00:00","guid":{"rendered":"https:\/\/linitiative.ca\/International\/entretien-telephonique-entre-le-chef-de-letat-et-le-president-tunisien-fraternite-et-solidarite\/"},"modified":"2019-07-12T19:00:00","modified_gmt":"2019-07-12T23:00:00","slug":"entretien-telephonique-entre-le-chef-de-letat-et-le-president-tunisien-fraternite-et-solidarite","status":"publish","type":"post","link":"https:\/\/linitiative.ca\/International\/entretien-telephonique-entre-le-chef-de-letat-et-le-president-tunisien-fraternite-et-solidarite\/","title":{"rendered":"Entretien t\u00e9l\u00e9phonique entre le chef de l\u2019\u00e9tat  et le Pr\u00e9sident tunisien    :  Fraternit\u00e9  et solidarit\u00e9"},"content":{"rendered":"<p>Le chef de l&rsquo;Etat, Abdelkader Bensalah, s&rsquo;est entretenu jeudi dernier au t\u00e9l\u00e9phone avec le pr\u00e9sident de la R\u00e9publique tunisienne, Beji Ca\u00efd Essebsi, pour s&rsquo;enqu\u00e9rir de son \u00e9tat de sant\u00e9, indique un communiqu\u00e9 de la Pr\u00e9sidence de la R\u00e9publique.\u00a0\u00a0<\/p>\n<p>Le chef de l&rsquo;Etat s&rsquo;est dit rassur\u00e9 quant \u00e0 son r\u00e9tablissement pour lequel il a rendu gr\u00e2ce \u00e0 Dieu, le Tout-Puissant, tout en lui souhaitant sant\u00e9 et bien-\u00eatre, pr\u00e9cise la m\u00eame source.\u00a0\u00a0<\/p>\n<p>\u00ab\u00a0Cet entretien t\u00e9l\u00e9phonique a \u00e9t\u00e9 une occasion pour souligner les liens de fraternit\u00e9 entre les deux pays fr\u00e8res et de se f\u00e9liciter des traditions de solidarit\u00e9, de coop\u00e9ration et de concertation caract\u00e9risant les relations bilat\u00e9rales\u00a0\u00bb, a conclu le communiqu\u00e9.<\/p>\n<p>Auteur: elmoudjahid<br \/>\n<a href=\"http:\/\/www.elmoudjahid.com\/fr\/actualites\/139222\">Cliquez ici pour lire l&rsquo;article depuis sa source.<\/a><\/p>\n","protected":false},"excerpt":{"rendered":"<p>Le chef de l&rsquo;Etat, Abdelkader Bensalah, s&rsquo;est entretenu jeudi dernier au t\u00e9l\u00e9phone avec le pr\u00e9sident de la R\u00e9publique tunisienne, Beji Ca\u00efd Essebsi, pour s&rsquo;enqu\u00e9rir de son \u00e9tat de sant\u00e9, indique un communiqu\u00e9 de la Pr\u00e9sidence de la R\u00e9publique.\u00a0\u00a0 Le chef de l&rsquo;Etat s&rsquo;est dit rassur\u00e9 quant \u00e0 son r\u00e9tablissement pour lequel il a rendu gr\u00e2ce [&hellip;]<\/p>\n","protected":false},"author":1744,"featured_media":0,"comment_status":"closed","ping_status":"closed","sticky":false,"template":"","format":"standard","meta":{"fifu_image_url":"","fifu_image_alt":"","footnotes":""},"categories":[73,53],"tags":[],"class_list":["post-45985","post","type-post","status-publish","format-standard","hentry","category-actualite","category-algerie"],"_links":{"self":[{"href":"https:\/\/linitiative.ca\/International\/wp-json\/wp\/v2\/posts\/45985","targetHints":{"allow":["GET"]}}],"collection":[{"href":"https:\/\/linitiative.ca\/International\/wp-json\/wp\/v2\/posts"}],"about":[{"href":"https:\/\/linitiative.ca\/International\/wp-json\/wp\/v2\/types\/post"}],"author":[{"embeddable":true,"href":"https:\/\/linitiative.ca\/International\/wp-json\/wp\/v2\/users\/1744"}],"replies":[{"embeddable":true,"href":"https:\/\/linitiative.ca\/International\/wp-json\/wp\/v2\/comments?post=45985"}],"version-history":[{"count":0,"href":"https:\/\/linitiative.ca\/International\/wp-json\/wp\/v2\/posts\/45985\/revisions"}],"wp:attachment":[{"href":"https:\/\/linitiative.ca\/International\/wp-json\/wp\/v2\/media?parent=45985"}],"wp:term":[{"taxonomy":"category","embeddable":true,"href":"https:\/\/linitiative.ca\/International\/wp-json\/wp\/v2\/categories?post=45985"},{"taxonomy":"post_tag","embeddable":true,"href":"https:\/\/linitiative.ca\/International\/wp-json\/wp\/v2\/tags?post=45985"}],"curies":[{"name":"wp","href":"https:\/\/api.w.org\/{rel}","templated":true}]}}