{"id":45986,"date":"2019-07-12T19:00:00","date_gmt":"2019-07-12T23:00:00","guid":{"rendered":"https:\/\/linitiative.ca\/International\/commentaire-defi-releve-challenge-reussi\/"},"modified":"2019-07-12T19:00:00","modified_gmt":"2019-07-12T23:00:00","slug":"commentaire-defi-releve-challenge-reussi","status":"publish","type":"post","link":"https:\/\/linitiative.ca\/International\/commentaire-defi-releve-challenge-reussi\/","title":{"rendered":"Commentaire : D\u00e9fi relev\u00e9,  challenge r\u00e9ussi"},"content":{"rendered":"<p>La consommation de l\u2019\u00e9nergie \u00e9lectrique a atteint des pics ces derniers jours en raison de fortes chaleurs ressenties \u00e0 travers le territoire national. Cette canicule a eu comme cons\u00e9quence directe une forte utilisation de la climatisation de mani\u00e8re ininterrompue pour faire face \u00e0 cette situation climatique. Le ministre de l\u2019Energie, Mohamed Arkab, qui s\u2019est rendu au si\u00e8ge de l&rsquo;op\u00e9rateur du syst\u00e8me \u00e9lectrique, situ\u00e9 \u00e0 Gu\u00e9 de Constantine, Alger, a re\u00e7u \u00e0 l\u2019occasion des d\u00e9tails et des explications sur cette question. Chiffres \u00e0 l\u2019appui, les responsables de cet organisme ont largement expliqu\u00e9 cette tendance haussi\u00e8re en mati\u00e8re de consommation d\u2019\u00e9nergie \u00e9lectrique atteignant des taux rarement enregistr\u00e9s. Cette situation conduit automatiquement \u00e0 puiser dans les r\u00e9serves de mani\u00e8re exceptionnelle pour faire face aux cons\u00e9quences d\u2019une sur-utilisation de l\u2019\u00e9lectricit\u00e9. Cette r\u00e9serve constitue en soi une assurance et une garantie \u00e9nerg\u00e9tique pour \u00e9viter le recours aux d\u00e9lestages op\u00e9r\u00e9s de mani\u00e8re syst\u00e9matique et fr\u00e9quente comme ce fut le cas il y a quelques ann\u00e9es. Le recours \u00e0 ce proc\u00e9d\u00e9 abandonn\u00e9 n\u2019est qu\u2019un mauvais souvenir gr\u00e2ce aux capacit\u00e9s actuelles de production de l\u2019\u00e9lectricit\u00e9 auxquelles il faut ajouter les r\u00e9serves cumul\u00e9es en la mati\u00e8re.<\/p>\n<p>M\u00eame si les conditions climatiques particuli\u00e8rement s\u00e9v\u00e8res risquent fort de s\u2019installer durablement, les pr\u00e9visions et les projections restent optimistes et les r\u00e9serves actuelles sont suffisamment importantes pour parer \u00e0 toute \u00e9ventualit\u00e9 en termes d\u2019utilisation de l\u2019\u00e9nergie \u00e9lectrique \u00e0 travers le territoire national. Cette capacit\u00e9 de production et d\u2019approvisionnement en \u00e9nergie \u00e9lectrique dont dispose Sonelgaz, est le fruit d\u2019importants investissements r\u00e9alis\u00e9s dans le secteur. C\u2019est ce qu\u2019a tenu d\u2019ailleurs \u00e0 rappeler, \u00e0 juste titre, le ministre de l\u2019Energie, lors de sa visite au si\u00e8ge de l\u2019op\u00e9rateur de l\u2019\u00e9nergie \u00e9lectrique. A propos justement des r\u00e9alisations dans ce secteur, le ministre a r\u00e9v\u00e9l\u00e9 au passage qu\u2019\u00abune capacit\u00e9 de 20.000 MW est d\u00e9j\u00e0 install\u00e9e avec 30.000 km de lignes moyenne et haute tension, 345 transformateurs, ainsi que 21.000 km de lignes de transport de gaz\u00bb. Ce sont ces r\u00e9alisations entre autres qui permettent aujourd\u2019hui de satisfaire la demande nationale de plus en plus croissante, notamment durant cette p\u00e9riode de l\u2019ann\u00e9e. Ces importants efforts d\u00e9ploy\u00e9s pour assurer une meilleure prestation et un approvisionnement r\u00e9gulier et sans interruption en mati\u00e8re d\u2019\u00e9lectricit\u00e9 doivent \u00eatre accompagn\u00e9s par une compr\u00e9hension et un sens civique des citoyens pour l\u2019int\u00e9r\u00eat de tous. L\u2019utilisation rationnelle de l\u2019\u00e9lectricit\u00e9 doit \u00eatre la r\u00e8gle pour pr\u00e9server cette \u00e9nergie et \u00e9viter ainsi le recours constant et fr\u00e9quent aux r\u00e9serves constitu\u00e9es. Un programme de sensibilisation en direction des citoyens et surtout des consommateurs est n\u00e9cessaire pour les sensibiliser sur la culture de l\u2019\u00e9conomie de l\u2019\u00e9nergie \u00e9lectrique et les inviter \u00e0 \u00e9viter surtout les gaspillages et la surconsommation inutile pour pr\u00e9server cette \u00e9nergie pr\u00e9cieuse. Cet axe de sensibilisation est aussi important que celui des investissements constamment engag\u00e9s pour augmenter les capacit\u00e9s de production et accro\u00eetre par ailleurs les r\u00e9serves en la mati\u00e8re.\u00a0<\/p>\n<p>Le programme de renforcement des infrastructures \u00e9nerg\u00e9tiques se poursuit chaque ann\u00e9e pour augmenter le volume de production et assurer un approvisionnement, r\u00e9gulier et de qualit\u00e9, des clients et des consommateurs. Outre les investissements engag\u00e9s pour l\u2019installation de nouvelles centrales et autres structures de production, la Sonelgaz, qui veille sur la permanence du service public, proc\u00e8de de mani\u00e8re continue \u00e0 la maintenance des moyens de production de l\u2019\u00e9nergie \u00e9lectrique. Ces op\u00e9rations permettent aujourd\u2019hui de satisfaire la demande nationale de plus en plus croissante en cette p\u00e9riode des grandes chaleurs. A cela, il faut ajouter que l\u2019alimentation des consommateurs se fait sans incident, sans coupure ni d\u00e9lestage qui tranche avec les ann\u00e9es pass\u00e9es. Ce qui est en soi un r\u00e9sultat encourageant et un bond qualitatif \u00e0 relever et \u00e0 mettre \u00e0 l\u2019actif de Sonelgaz.<\/p>\n<p><strong>\u00a0M. Oumalek\u00a0<\/strong><\/p>\n<p>Auteur: elmoudjahid<br \/>\n<a href=\"http:\/\/www.elmoudjahid.com\/fr\/actualites\/139223\">Cliquez ici pour lire l&rsquo;article depuis sa source.<\/a><\/p>\n","protected":false},"excerpt":{"rendered":"<p>La consommation de l\u2019\u00e9nergie \u00e9lectrique a atteint des pics ces derniers jours en raison de fortes chaleurs ressenties \u00e0 travers le territoire national. Cette canicule a eu comme cons\u00e9quence directe une forte utilisation de la climatisation de mani\u00e8re ininterrompue pour faire face \u00e0 cette situation climatique. Le ministre de l\u2019Energie, Mohamed Arkab, qui s\u2019est rendu [&hellip;]<\/p>\n","protected":false},"author":1744,"featured_media":0,"comment_status":"closed","ping_status":"closed","sticky":false,"template":"","format":"standard","meta":{"fifu_image_url":"","fifu_image_alt":"","footnotes":""},"categories":[73,53],"tags":[],"class_list":["post-45986","post","type-post","status-publish","format-standard","hentry","category-actualite","category-algerie"],"_links":{"self":[{"href":"https:\/\/linitiative.ca\/International\/wp-json\/wp\/v2\/posts\/45986","targetHints":{"allow":["GET"]}}],"collection":[{"href":"https:\/\/linitiative.ca\/International\/wp-json\/wp\/v2\/posts"}],"about":[{"href":"https:\/\/linitiative.ca\/International\/wp-json\/wp\/v2\/types\/post"}],"author":[{"embeddable":true,"href":"https:\/\/linitiative.ca\/International\/wp-json\/wp\/v2\/users\/1744"}],"replies":[{"embeddable":true,"href":"https:\/\/linitiative.ca\/International\/wp-json\/wp\/v2\/comments?post=45986"}],"version-history":[{"count":0,"href":"https:\/\/linitiative.ca\/International\/wp-json\/wp\/v2\/posts\/45986\/revisions"}],"wp:attachment":[{"href":"https:\/\/linitiative.ca\/International\/wp-json\/wp\/v2\/media?parent=45986"}],"wp:term":[{"taxonomy":"category","embeddable":true,"href":"https:\/\/linitiative.ca\/International\/wp-json\/wp\/v2\/categories?post=45986"},{"taxonomy":"post_tag","embeddable":true,"href":"https:\/\/linitiative.ca\/International\/wp-json\/wp\/v2\/tags?post=45986"}],"curies":[{"name":"wp","href":"https:\/\/api.w.org\/{rel}","templated":true}]}}