{"id":46004,"date":"2019-07-13T10:27:28","date_gmt":"2019-07-13T14:27:28","guid":{"rendered":"https:\/\/linitiative.ca\/International\/91864-can-2019-de-football-demi-finales-algerie-nigeria-ca-sera-un-match-tres-intense-rohr\/"},"modified":"2019-07-13T10:27:28","modified_gmt":"2019-07-13T14:27:28","slug":"91864-can-2019-de-football-demi-finales-algerie-nigeria-ca-sera-un-match-tres-intense-rohr","status":"publish","type":"post","link":"https:\/\/linitiative.ca\/International\/91864-can-2019-de-football-demi-finales-algerie-nigeria-ca-sera-un-match-tres-intense-rohr\/","title":{"rendered":"CAN-2019 de football (demi-finales) Alg\u00e9rie &#8211; Nigeria: \u00ab\u00a0Ca sera un match tr\u00e8s intense\u00a0\u00bb"},"content":{"rendered":"<div>\n<div class=\"K2FeedIntroText\">\n<p><strong>LE CAIRE \u2013 Le s\u00e9lectionneur de l\u2019\u00e9quipe nig\u00e9riane de football, le Franco-allemand Gernot Rohr, s&rsquo;attend \u00e0 une demi-finale de la CAN 2019 \u00ab\u00a0intense\u00a0\u00bb, dimanche face \u00e0 l\u2019Alg\u00e9rie au stade international du Caire (20h00, alg\u00e9rienne), relevant l\u2019importance de faire preuve de prudence face \u00e0 une \u00a0\u00bb impressionnante\u00a0\u00bb \u00e9quipe alg\u00e9rienne.<\/strong><\/p>\n<\/div>\n<div class=\"K2FeedFullText\">\n<p>\u00ab\u00a0Je suis passionn\u00e9 par cette demi-finale face \u00e0 l\u2019Alg\u00e9rie, \u00e7a sera tr\u00e8s intense. Nous avons une derni\u00e8re s\u00e9ance ce soir pour apporter les derni\u00e8res retouches. Nous avons tenu des r\u00e9unions pour mettre au point la tactique qui sera n\u00e9cessaire pour ce match.\u00a0 J&rsquo;esp\u00e8re qu\u2019on sera au rendez-vous\u00a0\u00bb, a indiqu\u00e9 le coach des \u00ab\u00a0Super Eagles\u00a0\u00bb, lors de la conf\u00e9rence de presse d&rsquo;avant-match.<\/p>\n<p>Qualifi\u00e9e comme deuxi\u00e8me du groupe B derri\u00e8re la surprenante \u00e9quipe de Madagascar en phase de poules, le Nigeria est pass\u00e9 \u00e0 la vitesse sup\u00e9rieure pour \u00e9liminer le Cameroun, tenant du troph\u00e9e (3-2) et l\u2019Afrique du Sud (2-1), respectivement en 1\/8es et 1\/4 de finales. L\u2019Alg\u00e9rie, quant \u00e0 elle, a domin\u00e9 jeudi la C\u00f4te d\u2019Ivoire au bout d\u2019un match \u00e0 suspense (1-1, aux t.a.b : 4-3).<\/p>\n<p>\u00ab\u00a0Apr\u00e8s ce match difficile face \u00e0 l\u2019Afrique du Sud, on s\u2019est bien repos\u00e9.<\/p>\n<p>Il y a avait des joueurs bless\u00e9s \u00e0 qui on a donn\u00e9 l\u2019occasion pour se soigner. Ils se sont entrain\u00e9s hier (vendredi, ndlr). En tant qu\u2019entraineur, je suis optimiste. Si on arrive \u00e0 jouer reproduire le m\u00eame jeu face au Cameroun et Afrique, on peut raisonnablement passer en finale, mais la qualit\u00e9 de l\u2019adversaire nous rend prudents. Nous devons faire preuve de r\u00e9alisme en attaque et commettre moins de fautes derri\u00e8re.<\/p>\n<p>Nous avons encaiss\u00e9 cinq buts alors que l\u2019Alg\u00e9rie en a pris un, sur le tableau d\u2019affichage, ils sont plus impressionnants que nous \u00ab\u00a0, a soulign\u00e9 l\u2019ancien entraineur des Girondins de Bordeaux (Ligue 1\/ fran\u00e7aise).<\/p>\n<p>En poste depuis 2016, Rohr est revenu sur les deux derni\u00e8res confrontations ayant mis aux prises les deux \u00e9quipes en qualifications du Mondial 2018.<\/p>\n<p>\u00a0\u00bb L\u2019Alg\u00e9rie \u00e9tait une \u00e9quipe fragile, elle avait commis des fautes individuelles ce qui nous avait permis de l\u2019emporter en match aller facilement (3-1). En match retour, ils \u00e9taient toujours assez fragiles. L\u00e0 je vois une \u00e9quipe solide, un bon \u00e9quilibre entre l&rsquo;attaque et la d\u00e9fense, toujours tr\u00e8s physique et qui a progress\u00e9 tactiquement. Donc cela va \u00eatre beaucoup plus difficile que les matches que nous avions eus lors des \u00e9liminatoires\u00a0\u00bb, a-t-il ajout\u00e9.<\/p>\n<p>Pour Rohr, \u00a0\u00bb avoir un jour de plus de r\u00e9cup\u00e9ration pourrait avoir un avantage th\u00e9oriquement, mais je ne suis pas de cet avis. On avait eu deux jours de plus de r\u00e9cup\u00e9ration que Madagascar (en poules) et on avait perdu (2-0). L\u2019Alg\u00e9rie poss\u00e8de un excellent staff, mais dans ce genre de rendez-vous, la fatigue est vite \u00e9limin\u00e9e. Je connais les joueurs alg\u00e9riens, form\u00e9s dans les plus grandes \u00e9coles fran\u00e7aises, j\u2019ai un lien d\u2019amiti\u00e9 avec eux, mais demain ce n\u2019est pas l\u2019amiti\u00e9 qui compte, c\u2019est la rivalit\u00e9. On fera tout pour se qualifier\u00a0\u00bb.<\/p>\n<p>Gernot dit vouloir se reposer sur le c\u00f4t\u00e9 mental de ses joueurs, pour essayer de passer l\u2019\u00e9cueil de l\u2019\u00e9quipe alg\u00e9rienne.<\/p>\n<p>\u00a0\u00bb Le c\u00f4t\u00e9 mental est tr\u00e8s important. Nous avons une \u00e9quipe qui a su r\u00e9agir apr\u00e8s la d\u00e9faite face \u00e0 Madagascar. Elle a \u00e9galement r\u00e9agi admirablement face au Cameroun apr\u00e8s avoir \u00e9t\u00e9 men\u00e9e au score \u00e0 la pause, mais aussi face \u00e0 l\u2019Afrique du Sud apr\u00e8s l\u2019\u00e9galisation. Mentalement, nous sommes pr\u00eats.<\/p>\n<p>Nous avons un m\u00e9lange d\u2019exp\u00e9rience et de jeunesse. Le c\u00f4t\u00e9 physique est \u00e9galement important, l\u2019\u00e9quipe la plus costaud aura les meilleures chances de s\u2019imposer\u00a0\u00bb.<\/p>\n<p>Pr\u00e9sent aux c\u00f4t\u00e9s de son s\u00e9lectionneur, le d\u00e9fenseur de Lagan\u00e9s (Liga espagnole) Kenneth Omeruo s\u2019est exprim\u00e9 sur le choc de dimanche.<\/p>\n<p>\u00a0\u00bb Nous formons une \u00e9quipe puissante, nous sommes forts mentalement et physiquement. Nous comptons tout faire pour arracher notre qualification pour la finale. Je pense que les joueurs se sont d\u00e9velopp\u00e9s sur le plan de jeu. Nous avons beaucoup de potentiel.<\/p>\n<p>Nous sommes pr\u00eats pour cette demi-finale. Le message que je voudrais bien adresser c\u2019est de penser toujours \u00e0 la finale, et d\u2019\u00eatre pr\u00eats pour cette confrontation. Nous devons \u00e9viter de regarder derri\u00e8re, car on ne va rien accomplir. On prend chaque match comme une finale, c\u2019est comme \u00e7a qu\u2019on approche le match de l\u2019Alg\u00e9rie\u00a0\u00bb.<\/p>\n<\/div>\n<p><img loading=\"lazy\" decoding=\"async\" src=\"http:\/\/feeds.feedburner.com\/~r\/aps-sport\/~4\/Uccye6JWsOM\" height=\"1\" width=\"1\" alt=\"\"><\/div>\n<p>Auteur:<br \/>\n<a href=\"http:\/\/www.aps.dz\/sport\/91864-can-2019-de-football-demi-finales-algerie-nigeria-ca-sera-un-match-tres-intense-rohr?utm_source=feedburner&#038;utm_medium=feed&#038;utm_campaign=Feed%3A+aps-sport+%28APS+-+SPORT%29\">Cliquez ici pour lire l&rsquo;article depuis sa source.<\/a><\/p>\n","protected":false},"excerpt":{"rendered":"<p>LE CAIRE \u2013 Le s\u00e9lectionneur de l\u2019\u00e9quipe nig\u00e9riane de football, le Franco-allemand Gernot Rohr, s&rsquo;attend \u00e0 une demi-finale de la CAN 2019 \u00ab\u00a0intense\u00a0\u00bb, dimanche face \u00e0 l\u2019Alg\u00e9rie au stade international du Caire (20h00, alg\u00e9rienne), relevant l\u2019importance de faire preuve de prudence face \u00e0 une \u00a0\u00bb impressionnante\u00a0\u00bb \u00e9quipe alg\u00e9rienne. \u00ab\u00a0Je suis passionn\u00e9 par cette demi-finale face [&hellip;]<\/p>\n","protected":false},"author":1790,"featured_media":0,"comment_status":"closed","ping_status":"closed","sticky":false,"template":"","format":"standard","meta":{"fifu_image_url":"","fifu_image_alt":"","footnotes":""},"categories":[53,75],"tags":[],"class_list":["post-46004","post","type-post","status-publish","format-standard","hentry","category-algerie","category-sport"],"_links":{"self":[{"href":"https:\/\/linitiative.ca\/International\/wp-json\/wp\/v2\/posts\/46004","targetHints":{"allow":["GET"]}}],"collection":[{"href":"https:\/\/linitiative.ca\/International\/wp-json\/wp\/v2\/posts"}],"about":[{"href":"https:\/\/linitiative.ca\/International\/wp-json\/wp\/v2\/types\/post"}],"author":[{"embeddable":true,"href":"https:\/\/linitiative.ca\/International\/wp-json\/wp\/v2\/users\/1790"}],"replies":[{"embeddable":true,"href":"https:\/\/linitiative.ca\/International\/wp-json\/wp\/v2\/comments?post=46004"}],"version-history":[{"count":0,"href":"https:\/\/linitiative.ca\/International\/wp-json\/wp\/v2\/posts\/46004\/revisions"}],"wp:attachment":[{"href":"https:\/\/linitiative.ca\/International\/wp-json\/wp\/v2\/media?parent=46004"}],"wp:term":[{"taxonomy":"category","embeddable":true,"href":"https:\/\/linitiative.ca\/International\/wp-json\/wp\/v2\/categories?post=46004"},{"taxonomy":"post_tag","embeddable":true,"href":"https:\/\/linitiative.ca\/International\/wp-json\/wp\/v2\/tags?post=46004"}],"curies":[{"name":"wp","href":"https:\/\/api.w.org\/{rel}","templated":true}]}}