{"id":46005,"date":"2019-07-13T10:38:19","date_gmt":"2019-07-13T14:38:19","guid":{"rendered":"https:\/\/linitiative.ca\/International\/91868-can-2019-demi-finales-algerie-nigeria-pas-d-outsider-pas-de-favori\/"},"modified":"2019-07-13T10:38:19","modified_gmt":"2019-07-13T14:38:19","slug":"91868-can-2019-demi-finales-algerie-nigeria-pas-d-outsider-pas-de-favori","status":"publish","type":"post","link":"https:\/\/linitiative.ca\/International\/91868-can-2019-demi-finales-algerie-nigeria-pas-d-outsider-pas-de-favori\/","title":{"rendered":"CAN-2019 (demi-finales) Alg\u00e9rie-Nigeria : \u00ab\u00a0Pas d\u2019outsider, pas de favori\u00a0\u00bb  \u00a0"},"content":{"rendered":"<div>\n<div class=\"K2FeedImage\"><img decoding=\"async\" src=\"http:\/\/www.aps.dz\/media\/k2\/items\/cache\/e1e7504bc3ecbd80af11f4734ee3b8ae_S.jpg\" alt=\"CAN-2019 (demi-finales) Alg\u00e9rie-Nigeria : \" pas d de favori><\/div>\n<div class=\"K2FeedIntroText\">\n<p><strong>LE CAIRE- L&rsquo;entra\u00eeneur de la s\u00e9lection alg\u00e9rienne de football, Djamel Belmadi, a indiqu\u00e9 samedi que les \u00ab\u00a0Verts\u00a0\u00bb ne se pr\u00e9sentaient ni en outsider ni en favori, dimanche face au Nigeria au stade international du Caire (20h00 alg\u00e9riennes), en demi-finales de la Coupe d\u2019Afrique des nations CAN-2019.<\/strong><\/p>\n<\/div>\n<div class=\"K2FeedFullText\">\n<p><strong>\u00ab\u00a0Nous sommes en demi-finales, il n&rsquo;y a ni outsider, ni favori. L\u2019\u00e9quipe la plus forte l\u2019emportera\u00a0\u00bb,<\/strong> a d\u00e9clar\u00e9 le coach national en conf\u00e9rence de presse tenue au stade international du Caire.<\/p>\n<p>L\u2019Alg\u00e9rie s\u2019est qualifi\u00e9e jeudi pour les demi-finales de cette 32e \u00e9dition, en dominant au bout d\u2019un match intense la C\u00f4te d\u2019Ivoire \u00e0 Suez (1-1, aux t.a.b: 4-3). De leur c\u00f4t\u00e9, les Nig\u00e9rians ont valid\u00e9 leur billet\u00a0un jour plus t\u00f4t, en \u00e9liminant l\u2019Afrique du Sud (2-1).<\/p>\n<p><strong>\u00ab\u00a0La pr\u00e9paration s&rsquo;est bas\u00e9e sur l\u2019aspect de la r\u00e9cup\u00e9ration. Tout le monde a envie de jouer une demi-finale de CAN. La r\u00e9cup\u00e9ration mentale et physique se fait plus vite quand on joue une demi-finale. Nous avons eu l\u2019occasion de m\u00e9nager les joueurs titulaires face \u00e0 la Tanzanie en phase de poules, je pense que \u00e7a a \u00e9t\u00e9 judicieux de notre part en vue de cette demi-finale\u00a0\u00bb<\/strong>, a-t-il ajout\u00e9.<\/p>\n<p>Concernant son Onze de d\u00e9part, Belmadi, fid\u00e8le \u00e0 ses principes, n\u2019a rien voulu laisser filtrer, se contentant de regretter le forfait du lat\u00e9ral droit Youcef Atal, victime d&rsquo;une fracture de la clavicule.<\/p>\n<p>\u00ab\u00a0Il y aura l\u2019absence d\u2019Atal, mais je ne veux par parler de chamboulement d\u2019effectif, car vous me poussez \u00e0 parler tactique, chose que je refuse\u00a0\u00bb.<\/p>\n<p>D\u00e9sormais \u00e0 un match de la deuxi\u00e8me finale depuis l\u2019\u00e9dition 1990, disput\u00e9e et remport\u00e9e \u00e0 domicile, Belmadi a soulign\u00e9 l\u2019importance de r\u00e9\u00e9diter un tel exploit, 29 ans plus tard.<\/p>\n<p><strong>\u00ab\u00a0La seule CAN que nous avons gagn\u00e9e c&rsquo;\u00e9tait il y a 29 ans \u00e0 domicile\u00a0\u00bb<\/strong><\/p>\n<p>Gagner \u00e0 l&rsquo;ext\u00e9rieur est plus difficile.<\/p>\n<p>Les Belloumi, Assad et autres ont fait l&rsquo;histoire de l&rsquo;Alg\u00e9rie mais ceux qui l&rsquo;ont gagn\u00e9e sont d&rsquo;autres joueurs comme Madjer.<\/p>\n<p>Nous voulons marquer un tournant dans l\u2019histoire du football alg\u00e9rien, ce n\u2019est pas facile, mais nous sommes ambitieux. Nous\u00a0avons \u00e0 coeur de faire aussi bien que l&rsquo;ancienne g\u00e9n\u00e9ration\u00a0\u00bb.<\/p>\n<p>Interrog\u00e9 sur son retour au stade international du Caire, 18 ans apr\u00e8s avoir disput\u00e9 un match sous le maillot national face \u00e0 l\u2019Egypte (d\u00e9faite 5-2), en qualifications du Mondial 2002, Belmadi estime que le \u00ab\u00a0contexte est diff\u00e9rent\u00a0\u00bb.<\/p>\n<p><strong>\u00ab\u00a0Ma carri\u00e8re de joueur est une chose et celle d\u2019entra\u00eeneur en est une autre. Je me sers en effet de ma carri\u00e8re de joueur pour aider les joueurs mais c&rsquo;est diff\u00e9rent. En effet, je reviens au Cairo Stadium mais le\u00a0contexte est diff\u00e9rent. Le pass\u00e9 est pass\u00e9, nous allons jouer contre une \u00e9quipe diff\u00e9rente. Nous allons faire en sorte de produire un match de qualit\u00e9, cela ne va pas \u00eatre facile\u00a0\u00bb.<\/strong><\/p>\n<p>Belamdi a d\u00e9fendu son attaquant Baghdad Bounedjah qui n\u2019a pas pes\u00e9 lourd sur la d\u00e9fense ivoirienne avec en sus un penalty rat\u00e9 qui aurait pu permettre \u00e0 l\u2019Alg\u00e9rie de faire le break et se mettre \u00e0 l\u2019abri.<\/p>\n<p><strong>\u00ab\u00a0J&rsquo;ai choisi Bounedjah parce qu\u2019il travaille beaucoup. Il est \u00e0 l&rsquo;origine de tous nos buts, il a marqu\u00e9 en qualifications. C&rsquo;est l&rsquo;un des meilleurs buteurs au monde. C&rsquo;est un buteur hors-pair, un travailleur \u00e9norme. Pas de soucis pour moi s\u2019il a rat\u00e9 un penalty face \u00e0 la C\u00f4te d\u2019Ivoire\u00a0\u00bb.<\/strong><\/p>\n<p>Enfin, Belmadi s\u2019est r\u00e9joui de l\u2019engouement populaire, en Alg\u00e9rie et \u00e0 travers le monde, autour de l\u2019\u00e9quipe nationale, de plus en plus grandissant \u00e0 l\u2019approche du dernier stade de la comp\u00e9tition.<\/p>\n<p>\u00ab\u00a0Partout dans le monde il y a des supporters alg\u00e9riens, on sait qu\u2019ils ont cet amour du pays. Le football est vecteur de beaucoup de choses, \u00e7a nous r\u00e9unit. Les supporters se sont d\u00e9plac\u00e9s en Egypte pour nous soutenir, il y a d\u2019autres qui nous encouragent \u00e0 travers leur \u00e9cran de t\u00e9l\u00e9vision en Alg\u00e9rie et dans le monde entier. On est pouss\u00e9s par cette \u00e9nergie qu\u2019on ressent. Pour ce 12e homme qui nous encourage, on fera tout afin de lui offrir la qualification\u00a0\u00bb, a-t-il conclu.<\/p>\n<p>\u00a0<\/p>\n<\/div>\n<p><img loading=\"lazy\" decoding=\"async\" src=\"http:\/\/feeds.feedburner.com\/~r\/aps-sport\/~4\/cM0e0VdUycY\" height=\"1\" width=\"1\" alt=\"\"><\/div>\n<p>Auteur:<br \/>\n<a href=\"http:\/\/www.aps.dz\/sport\/91868-can-2019-demi-finales-algerie-nigeria-pas-d-outsider-pas-de-favori?utm_source=feedburner&#038;utm_medium=feed&#038;utm_campaign=Feed%3A+aps-sport+%28APS+-+SPORT%29\">Cliquez ici pour lire l&rsquo;article depuis sa source.<\/a><\/p>\n","protected":false},"excerpt":{"rendered":"<p>LE CAIRE- L&rsquo;entra\u00eeneur de la s\u00e9lection alg\u00e9rienne de football, Djamel Belmadi, a indiqu\u00e9 samedi que les \u00ab\u00a0Verts\u00a0\u00bb ne se pr\u00e9sentaient ni en outsider ni en favori, dimanche face au Nigeria au stade international du Caire (20h00 alg\u00e9riennes), en demi-finales de la Coupe d\u2019Afrique des nations CAN-2019. \u00ab\u00a0Nous sommes en demi-finales, il n&rsquo;y a ni outsider, [&hellip;]<\/p>\n","protected":false},"author":1790,"featured_media":46006,"comment_status":"closed","ping_status":"closed","sticky":false,"template":"","format":"standard","meta":{"fifu_image_url":"","fifu_image_alt":"","footnotes":""},"categories":[53,75],"tags":[],"class_list":["post-46005","post","type-post","status-publish","format-standard","has-post-thumbnail","hentry","category-algerie","category-sport"],"_links":{"self":[{"href":"https:\/\/linitiative.ca\/International\/wp-json\/wp\/v2\/posts\/46005","targetHints":{"allow":["GET"]}}],"collection":[{"href":"https:\/\/linitiative.ca\/International\/wp-json\/wp\/v2\/posts"}],"about":[{"href":"https:\/\/linitiative.ca\/International\/wp-json\/wp\/v2\/types\/post"}],"author":[{"embeddable":true,"href":"https:\/\/linitiative.ca\/International\/wp-json\/wp\/v2\/users\/1790"}],"replies":[{"embeddable":true,"href":"https:\/\/linitiative.ca\/International\/wp-json\/wp\/v2\/comments?post=46005"}],"version-history":[{"count":0,"href":"https:\/\/linitiative.ca\/International\/wp-json\/wp\/v2\/posts\/46005\/revisions"}],"wp:featuredmedia":[{"embeddable":true,"href":"https:\/\/linitiative.ca\/International\/wp-json\/"}],"wp:attachment":[{"href":"https:\/\/linitiative.ca\/International\/wp-json\/wp\/v2\/media?parent=46005"}],"wp:term":[{"taxonomy":"category","embeddable":true,"href":"https:\/\/linitiative.ca\/International\/wp-json\/wp\/v2\/categories?post=46005"},{"taxonomy":"post_tag","embeddable":true,"href":"https:\/\/linitiative.ca\/International\/wp-json\/wp\/v2\/tags?post=46005"}],"curies":[{"name":"wp","href":"https:\/\/api.w.org\/{rel}","templated":true}]}}