{"id":46013,"date":"2019-07-13T16:51:31","date_gmt":"2019-07-13T20:51:31","guid":{"rendered":"https:\/\/linitiative.ca\/International\/tlemcen-pour-une-meilleure-image-de-nos-cotes\/"},"modified":"2019-07-13T16:51:31","modified_gmt":"2019-07-13T20:51:31","slug":"tlemcen-pour-une-meilleure-image-de-nos-cotes","status":"publish","type":"post","link":"https:\/\/linitiative.ca\/International\/tlemcen-pour-une-meilleure-image-de-nos-cotes\/","title":{"rendered":"Tlemcen :\u00a0Pour une meilleure image de nos c\u00f4tes"},"content":{"rendered":"<h4 class=\"title-14\"\/>\n<div class=\"featured_image\"><img width=\"800\" height=\"1000\" data-cfsrc=\"https:\/\/www.elwatan.com\/wp-content\/uploads\/2019\/07\/Sans-titre-1-92.gif\" class=\"attachment-post-thumbnail size-post-thumbnail wp-post-image c1\" alt=\"\"\/><noscript><\/p>\n<p><img loading=\"lazy\" decoding=\"async\" width=\"800\" height=\"1000\" src=\"https:\/\/www.elwatan.com\/wp-content\/uploads\/2019\/07\/Sans-titre-1-92.gif\" class=\"attachment-post-thumbnail size-post-thumbnail wp-post-image\" alt=\"\"\/><\/p>\n<p><\/noscript><\/div>\n<p class=\"p4\"><span class=\"s1\"><strong>D<\/strong><\/span><span class=\"s1\">ix plages de la wilaya sont pr\u00eates pour la baignade, avec toutes les commodit\u00e9s dont auront besoin les estivants. Lors d\u2019une<span class=\"Apple-converted-space\">\u00a0<\/span> visite dans les villes c\u00f4ti\u00e8res, le chef de l\u2019ex\u00e9cutif a rappel\u00e9, une fois encore,<span class=\"Apple-converted-space\">\u00a0<\/span> que la wilaya dispose de ressources naturelles riches, qui ne n\u00e9cessitent qu\u2019une mise en valeur rationnelle pour rivaliser avec les grandes stations baln\u00e9aires du pays et de l\u2019\u00e9tranger.<\/span><\/p>\n<p class=\"p4\"><span class=\"s1\">Bider, seulement, avec sa plage \u00e9d\u00e9nique, sa for\u00eat et sa montagne, s\u2019\u00e9tale sur 4 kilom\u00e8tres. Elle aura une nouveau visage. Une \u00e9tude a \u00e9t\u00e9 faite pour une zone \u00e0 raison de 13 milliards de centimes. Le site en comprend quatre.<\/span><\/p>\n<p class=\"p4\"><span class=\"s1\">\u00ab<em>Un camp de vacances du minist\u00e8re de l\u2019Int\u00e9rieur et des Collectivit\u00e9s locales de 30 chalets en bois, construits \u00e0 Khenchela, qui sera r\u00e9alis\u00e9 par une entreprise publique, seront pos\u00e9s apr\u00e8s la plate- forme et le nivellement du site. Le co\u00fbt est de 7 milliards de centimes. Nous avons opt\u00e9 pour ce type de mat\u00e9riau (le bois) pour garder l\u2019esth\u00e9tique de l\u2019environnement..<\/em>.\u00bb<\/span><\/p>\n<p class=\"p4\"><span class=\"s1\">Marsat Ben M\u2019hidi, une localit\u00e9 qui s\u2019est illustr\u00e9e par ses scandales de foncier, tente de redorer son blason en pr\u00e9servant les terrains qui restent. <em>\u00abUn projet de haut standing de la CNEP<\/em> <em>sera r\u00e9alis\u00e9 sur le terrain de l\u2019agence fonci\u00e8re.<\/em> <em>Rassurez-vous, l\u2019assiette n\u2019ira pas au priv\u00e9, c\u2019est incontestable<\/em>\u00bb.<\/span><\/p>\n<p class=\"p4\"><span class=\"s1\">C\u2019est une vitrine du pays, puisqu\u2019elle fait face \u00e0 la plage marocaine Sa\u00efdia. L\u2019ancien Port Say brillera de mille feux cette saison. De 8 000 habitants, Marsat Ben M\u2019hidi, atteint en \u00e9t\u00e9 plus de 1 million de visiteurs de toutes les r\u00e9gions du pays.<\/span><\/p>\n<p class=\"p4\"><span class=\"s1\">Honaine, Oued Abdallah, Ouled ben A\u00efd, entre autres stations baln\u00e9aires, sont des atouts touristiques importants d\u2019une wilaya fortement pris\u00e9e pour sa richesse historique et naturelle\u2026<strong><em>\u00a0<\/em><\/strong><\/span><\/p>\n<p><span class=\"post-views-label\">Post Views:<\/span> <span class=\"post-views-count\">7<\/span><\/p>\n<p><br class=\"c3\"\/><br \/>\nAuteur: Anis Khecheba<br \/>\n<a href=\"https:\/\/www.elwatan.com\/regions\/ouest\/tlemcen\/tlemcen-pour-une-meilleure-image-de-nos-cotes-13-07-2019\">Cliquez ici pour lire l&rsquo;article depuis sa source.<\/a><\/p>\n","protected":false},"excerpt":{"rendered":"<p>Dix plages de la wilaya sont pr\u00eates pour la baignade, avec toutes les commodit\u00e9s dont auront besoin les estivants. Lors d\u2019une\u00a0 visite dans les villes c\u00f4ti\u00e8res, le chef de l\u2019ex\u00e9cutif a rappel\u00e9, une fois encore,\u00a0 que la wilaya dispose de ressources naturelles riches, qui ne n\u00e9cessitent qu\u2019une mise en valeur rationnelle pour rivaliser avec les [&hellip;]<\/p>\n","protected":false},"author":1743,"featured_media":46014,"comment_status":"closed","ping_status":"closed","sticky":false,"template":"","format":"standard","meta":{"fifu_image_url":"","fifu_image_alt":"","footnotes":""},"categories":[73,53],"tags":[],"class_list":["post-46013","post","type-post","status-publish","format-standard","has-post-thumbnail","hentry","category-actualite","category-algerie"],"_links":{"self":[{"href":"https:\/\/linitiative.ca\/International\/wp-json\/wp\/v2\/posts\/46013","targetHints":{"allow":["GET"]}}],"collection":[{"href":"https:\/\/linitiative.ca\/International\/wp-json\/wp\/v2\/posts"}],"about":[{"href":"https:\/\/linitiative.ca\/International\/wp-json\/wp\/v2\/types\/post"}],"author":[{"embeddable":true,"href":"https:\/\/linitiative.ca\/International\/wp-json\/wp\/v2\/users\/1743"}],"replies":[{"embeddable":true,"href":"https:\/\/linitiative.ca\/International\/wp-json\/wp\/v2\/comments?post=46013"}],"version-history":[{"count":0,"href":"https:\/\/linitiative.ca\/International\/wp-json\/wp\/v2\/posts\/46013\/revisions"}],"wp:featuredmedia":[{"embeddable":true,"href":"https:\/\/linitiative.ca\/International\/wp-json\/"}],"wp:attachment":[{"href":"https:\/\/linitiative.ca\/International\/wp-json\/wp\/v2\/media?parent=46013"}],"wp:term":[{"taxonomy":"category","embeddable":true,"href":"https:\/\/linitiative.ca\/International\/wp-json\/wp\/v2\/categories?post=46013"},{"taxonomy":"post_tag","embeddable":true,"href":"https:\/\/linitiative.ca\/International\/wp-json\/wp\/v2\/tags?post=46013"}],"curies":[{"name":"wp","href":"https:\/\/api.w.org\/{rel}","templated":true}]}}