{"id":46031,"date":"2019-07-13T12:10:07","date_gmt":"2019-07-13T16:10:07","guid":{"rendered":"https:\/\/linitiative.ca\/International\/tunisie-i-watch-demande-a-la-banque-centrale-de-resilier-son-contrat-avec-lavocat-kamel-ben-massoud\/"},"modified":"2019-07-13T12:10:07","modified_gmt":"2019-07-13T16:10:07","slug":"tunisie-i-watch-demande-a-la-banque-centrale-de-resilier-son-contrat-avec-lavocat-kamel-ben-massoud","status":"publish","type":"post","link":"https:\/\/linitiative.ca\/International\/tunisie-i-watch-demande-a-la-banque-centrale-de-resilier-son-contrat-avec-lavocat-kamel-ben-massoud\/","title":{"rendered":"Tunisie \u2013 I Watch demande \u00e0 la banque centrale de r\u00e9silier son contrat avec l\u2019avocat Kamel Ben Massoud"},"content":{"rendered":"<div class=\"post-cont-in left relative\">\n<div class=\"swp_social_panel swp_horizontal_panel swp_flat_fresh swp_default_full_color swp_individual_full_color swp_other_full_color scale-100 scale-\" data-min-width=\"1100\" data-float-color=\"#ffffff\" data-float=\"none\" data-float-mobile=\"none\" data-transition=\"slide\">\n<div class=\"nc_tweetContainer swp_share_button total_shares total_sharesalt\"><span class=\"swp_count\">72 <span class=\"swp_label\">Partages<\/span><\/span><\/div>\n<\/div>\n<p>L\u2019organisation I Watch, \u00e0 l\u2019origine de la plainte contre les fr\u00e8res Karoui, pour \u00e9vasion fiscale et blanchiment d\u2019argent, a demand\u00e9 ce samedi, \u00e0 la direction de la Banque Centrale de Tunisie, de r\u00e9silier le contrat qui la lie \u00e0 l\u2019avocat Kamel Ben Massoud, en tant qu\u2019avocat de la banque.<\/p>\n<p>I Watch explique que, du fait que cet avocat ait choisi de repr\u00e9senter les fr\u00e8res Karoui dans leur affaire, il est inconcevable qu\u2019il soit, en m\u00eame temps, avocat de la BCT, qui pourrait \u00eatre concern\u00e9e par l\u2019affaire en tant que victime ou de t\u00e9moin. Ce qui constituerait une situation de conflit d\u2019int\u00e9r\u00eat flagrante.<\/p>\n<div class=\"code-block code-block-1 c3\"><ins class=\"adsbygoogle c2\" data-ad-layout=\"in-article\" data-ad-format=\"fluid\" data-ad-client=\"ca-pub-2102118777505746\" data-ad-slot=\"7301775417\"\/> <\/div>\n<div class=\"mvp-org-wrap mvp-org-logo\" itemprop=\"publisher\" itemscope=\"\" itemtype=\"https:\/\/schema.org\/Organization\"><img decoding=\"async\" src=\"https:\/\/www.tunisienumerique.com\/wp-content\/uploads\/2017\/02\/logo_tunisie_numerique.png\"\/><\/div>\n<div class=\"swp_social_panel swp_horizontal_panel swp_flat_fresh swp_default_full_color swp_individual_full_color swp_other_full_color scale-100 scale-\" data-min-width=\"1100\" data-float-color=\"#ffffff\" data-float=\"none\" data-float-mobile=\"none\" data-transition=\"slide\">\n<div class=\"nc_tweetContainer swp_share_button total_shares total_sharesalt\"><span class=\"swp_count\">72 <span class=\"swp_label\">Partages<\/span><\/span><\/div>\n<\/div>\n<div class=\"mvp-related-posts left relative\">\n<h4 class=\"post-header\"><span class=\"post-header\">Lire aussi<\/span><\/h4>\n<\/div>\n<\/div>\n<p>Auteur: LM<br \/>\n<a href=\"https:\/\/www.tunisienumerique.com\/tunisie-i-watch-demande-a-la-banque-centrale-de-resilier-son-contrat-avec-lavocat-kamel-ben-massoud\/\">Cliquez ici pour lire l&rsquo;article depuis sa source.<\/a><\/p>\n","protected":false},"excerpt":{"rendered":"<p>72 Partages L\u2019organisation I Watch, \u00e0 l\u2019origine de la plainte contre les fr\u00e8res Karoui, pour \u00e9vasion fiscale et blanchiment d\u2019argent, a demand\u00e9 ce samedi, \u00e0 la direction de la Banque Centrale de Tunisie, de r\u00e9silier le contrat qui la lie \u00e0 l\u2019avocat Kamel Ben Massoud, en tant qu\u2019avocat de la banque. I Watch explique que, [&hellip;]<\/p>\n","protected":false},"author":1789,"featured_media":46032,"comment_status":"closed","ping_status":"closed","sticky":false,"template":"","format":"standard","meta":{"fifu_image_url":"","fifu_image_alt":"","footnotes":""},"categories":[73,55],"tags":[],"class_list":["post-46031","post","type-post","status-publish","format-standard","has-post-thumbnail","hentry","category-actualite","category-tunisie"],"_links":{"self":[{"href":"https:\/\/linitiative.ca\/International\/wp-json\/wp\/v2\/posts\/46031","targetHints":{"allow":["GET"]}}],"collection":[{"href":"https:\/\/linitiative.ca\/International\/wp-json\/wp\/v2\/posts"}],"about":[{"href":"https:\/\/linitiative.ca\/International\/wp-json\/wp\/v2\/types\/post"}],"author":[{"embeddable":true,"href":"https:\/\/linitiative.ca\/International\/wp-json\/wp\/v2\/users\/1789"}],"replies":[{"embeddable":true,"href":"https:\/\/linitiative.ca\/International\/wp-json\/wp\/v2\/comments?post=46031"}],"version-history":[{"count":0,"href":"https:\/\/linitiative.ca\/International\/wp-json\/wp\/v2\/posts\/46031\/revisions"}],"wp:featuredmedia":[{"embeddable":true,"href":"https:\/\/linitiative.ca\/International\/wp-json\/"}],"wp:attachment":[{"href":"https:\/\/linitiative.ca\/International\/wp-json\/wp\/v2\/media?parent=46031"}],"wp:term":[{"taxonomy":"category","embeddable":true,"href":"https:\/\/linitiative.ca\/International\/wp-json\/wp\/v2\/categories?post=46031"},{"taxonomy":"post_tag","embeddable":true,"href":"https:\/\/linitiative.ca\/International\/wp-json\/wp\/v2\/tags?post=46031"}],"curies":[{"name":"wp","href":"https:\/\/api.w.org\/{rel}","templated":true}]}}