{"id":46033,"date":"2019-07-13T12:22:20","date_gmt":"2019-07-13T16:22:20","guid":{"rendered":"https:\/\/linitiative.ca\/International\/tunisie-audio-mohsen-marzouk-appelle-abir-moussi-a-sallier-avec-al-machrou3\/"},"modified":"2019-07-13T12:22:20","modified_gmt":"2019-07-13T16:22:20","slug":"tunisie-audio-mohsen-marzouk-appelle-abir-moussi-a-sallier-avec-al-machrou3","status":"publish","type":"post","link":"https:\/\/linitiative.ca\/International\/tunisie-audio-mohsen-marzouk-appelle-abir-moussi-a-sallier-avec-al-machrou3\/","title":{"rendered":"Tunisie \u2013 AUDIO\u00a0: Mohsen Marzouk appelle Abir Moussi \u00e0 s\u2019allier avec Al Machrou3"},"content":{"rendered":"<div class=\"post-cont-in left relative\">\n<div class=\"swp_social_panel swp_horizontal_panel swp_flat_fresh swp_default_full_color swp_individual_full_color swp_other_full_color scale-100 scale-\" data-min-width=\"1100\" data-float-color=\"#ffffff\" data-float=\"none\" data-float-mobile=\"none\" data-transition=\"slide\">\n<div class=\"nc_tweetContainer swp_share_button total_shares total_sharesalt\"><span class=\"swp_count\">100 <span class=\"swp_label\">Partages<\/span><\/span><\/div>\n<\/div>\n<p>Le pr\u00e9sident du parti Al Mchrou3, Mohsen Marzouk a appel\u00e9, hier, au micro d\u2019Express FM, tous les partis centristes et progressistes \u00e0 s\u2019unir dans une sorte d\u2019engagement d\u2019alliance qui leur permettrait d\u2019obtenir une majorit\u00e9 au prochain scrutin et de pouvoir gouverner ensemble. Mohsen Marzouk a cit\u00e9, parmi les partis auxquels il fait appel, le PDL, parti pr\u00e9sid\u00e9 par Abir Moussi.<\/p>\n<div class=\"mvp-org-wrap mvp-org-logo\" itemprop=\"publisher\" itemscope=\"\" itemtype=\"https:\/\/schema.org\/Organization\"><img decoding=\"async\" src=\"https:\/\/www.tunisienumerique.com\/wp-content\/uploads\/2017\/02\/logo_tunisie_numerique.png\"\/><\/div>\n<div class=\"swp_social_panel swp_horizontal_panel swp_flat_fresh swp_default_full_color swp_individual_full_color swp_other_full_color scale-100 scale-\" data-min-width=\"1100\" data-float-color=\"#ffffff\" data-float=\"none\" data-float-mobile=\"none\" data-transition=\"slide\">\n<div class=\"nc_tweetContainer swp_share_button total_shares total_sharesalt\"><span class=\"swp_count\">100 <span class=\"swp_label\">Partages<\/span><\/span><\/div>\n<\/div>\n<div class=\"mvp-related-posts left relative\">\n<h4 class=\"post-header\"><span class=\"post-header\">Lire aussi<\/span><\/h4>\n<\/div>\n<\/div>\n<p>Auteur: LM<br \/>\n<a href=\"https:\/\/www.tunisienumerique.com\/tunisie-audio-mohsen-marzouk-appelle-abir-moussi-a-sallier-avec-al-machrou3\/\">Cliquez ici pour lire l&rsquo;article depuis sa source.<\/a><\/p>\n","protected":false},"excerpt":{"rendered":"<p>100 Partages Le pr\u00e9sident du parti Al Mchrou3, Mohsen Marzouk a appel\u00e9, hier, au micro d\u2019Express FM, tous les partis centristes et progressistes \u00e0 s\u2019unir dans une sorte d\u2019engagement d\u2019alliance qui leur permettrait d\u2019obtenir une majorit\u00e9 au prochain scrutin et de pouvoir gouverner ensemble. Mohsen Marzouk a cit\u00e9, parmi les partis auxquels il fait appel, [&hellip;]<\/p>\n","protected":false},"author":1789,"featured_media":46034,"comment_status":"closed","ping_status":"closed","sticky":false,"template":"","format":"standard","meta":{"fifu_image_url":"","fifu_image_alt":"","footnotes":""},"categories":[73,55],"tags":[],"class_list":["post-46033","post","type-post","status-publish","format-standard","has-post-thumbnail","hentry","category-actualite","category-tunisie"],"_links":{"self":[{"href":"https:\/\/linitiative.ca\/International\/wp-json\/wp\/v2\/posts\/46033","targetHints":{"allow":["GET"]}}],"collection":[{"href":"https:\/\/linitiative.ca\/International\/wp-json\/wp\/v2\/posts"}],"about":[{"href":"https:\/\/linitiative.ca\/International\/wp-json\/wp\/v2\/types\/post"}],"author":[{"embeddable":true,"href":"https:\/\/linitiative.ca\/International\/wp-json\/wp\/v2\/users\/1789"}],"replies":[{"embeddable":true,"href":"https:\/\/linitiative.ca\/International\/wp-json\/wp\/v2\/comments?post=46033"}],"version-history":[{"count":0,"href":"https:\/\/linitiative.ca\/International\/wp-json\/wp\/v2\/posts\/46033\/revisions"}],"wp:featuredmedia":[{"embeddable":true,"href":"https:\/\/linitiative.ca\/International\/wp-json\/"}],"wp:attachment":[{"href":"https:\/\/linitiative.ca\/International\/wp-json\/wp\/v2\/media?parent=46033"}],"wp:term":[{"taxonomy":"category","embeddable":true,"href":"https:\/\/linitiative.ca\/International\/wp-json\/wp\/v2\/categories?post=46033"},{"taxonomy":"post_tag","embeddable":true,"href":"https:\/\/linitiative.ca\/International\/wp-json\/wp\/v2\/tags?post=46033"}],"curies":[{"name":"wp","href":"https:\/\/api.w.org\/{rel}","templated":true}]}}