{"id":46037,"date":"2019-07-13T12:49:30","date_gmt":"2019-07-13T16:49:30","guid":{"rendered":"https:\/\/linitiative.ca\/International\/tunisie-lutica-condamne-des-declarations-de-lambassadeur-de-lue-en-tunisie\/"},"modified":"2019-07-13T12:49:30","modified_gmt":"2019-07-13T16:49:30","slug":"tunisie-lutica-condamne-des-declarations-de-lambassadeur-de-lue-en-tunisie","status":"publish","type":"post","link":"https:\/\/linitiative.ca\/International\/tunisie-lutica-condamne-des-declarations-de-lambassadeur-de-lue-en-tunisie\/","title":{"rendered":"Tunisie \u2013 L\u2019UTICA condamne des d\u00e9clarations de l\u2019ambassadeur de l\u2019UE en Tunisie"},"content":{"rendered":"<div class=\"post-cont-in left relative\">\n<div class=\"swp_social_panel swp_horizontal_panel swp_flat_fresh swp_default_full_color swp_individual_full_color swp_other_full_color scale-100 scale-\" data-min-width=\"1100\" data-float-color=\"#ffffff\" data-float=\"none\" data-float-mobile=\"none\" data-transition=\"slide\">\n<div class=\"nc_tweetContainer swp_share_button total_shares total_sharesalt\"><span class=\"swp_count\">54 <span class=\"swp_label\">Partages<\/span><\/span><\/div>\n<\/div>\n<p>La centrale patronale tunisienne, l\u2019UTICA, a fermement condamn\u00e9, ce samedi, les d\u00e9clarations faites par l\u2019ambassadeur de l\u2019Union Europ\u00e9enne au journal \u00ab\u00a0Le Monde\u00a0\u00bb. L\u2019UTICA juge tr\u00e8s suspectes ces d\u00e9clarations diffamatoires qui essaient de jeter le trouble et d\u2019entamer la confiance des tunisiens, en cette veille d\u2019\u00e9lections, surtout, les accusations lanc\u00e9es contre certains lobbies de l\u2019industrie et du commerce qui s\u2019\u00e9vertueraient, selon lui, \u00e0 freiner le d\u00e9veloppement \u00e9conomique et social du pays.<\/p>\n<p>L\u2019UTICA a assur\u00e9 que ces d\u00e9clarations seraient dues \u00e0 l\u2019\u00e9chec cuisant de cet ambassadeur \u00e0 faire passer le projet europ\u00e9en de l\u2019ALECA.<\/p>\n<div class=\"code-block code-block-1 c3\"><ins class=\"adsbygoogle c2\" data-ad-layout=\"in-article\" data-ad-format=\"fluid\" data-ad-client=\"ca-pub-2102118777505746\" data-ad-slot=\"7301775417\"\/> <\/div>\n<div class=\"mvp-org-wrap mvp-org-logo\" itemprop=\"publisher\" itemscope=\"\" itemtype=\"https:\/\/schema.org\/Organization\"><img decoding=\"async\" src=\"https:\/\/www.tunisienumerique.com\/wp-content\/uploads\/2017\/02\/logo_tunisie_numerique.png\"\/><\/div>\n<div class=\"swp_social_panel swp_horizontal_panel swp_flat_fresh swp_default_full_color swp_individual_full_color swp_other_full_color scale-100 scale-\" data-min-width=\"1100\" data-float-color=\"#ffffff\" data-float=\"none\" data-float-mobile=\"none\" data-transition=\"slide\">\n<div class=\"nc_tweetContainer swp_share_button total_shares total_sharesalt\"><span class=\"swp_count\">54 <span class=\"swp_label\">Partages<\/span><\/span><\/div>\n<\/div>\n<div class=\"mvp-related-posts left relative\">\n<h4 class=\"post-header\"><span class=\"post-header\">Lire aussi<\/span><\/h4>\n<\/div>\n<\/div>\n<p>Auteur: LM<br \/>\n<a href=\"https:\/\/www.tunisienumerique.com\/tunisie-lutica-condamne-des-declarations-de-lambassadeur-de-lue-en-tunisie\/\">Cliquez ici pour lire l&rsquo;article depuis sa source.<\/a><\/p>\n","protected":false},"excerpt":{"rendered":"<p>54 Partages La centrale patronale tunisienne, l\u2019UTICA, a fermement condamn\u00e9, ce samedi, les d\u00e9clarations faites par l\u2019ambassadeur de l\u2019Union Europ\u00e9enne au journal \u00ab\u00a0Le Monde\u00a0\u00bb. L\u2019UTICA juge tr\u00e8s suspectes ces d\u00e9clarations diffamatoires qui essaient de jeter le trouble et d\u2019entamer la confiance des tunisiens, en cette veille d\u2019\u00e9lections, surtout, les accusations lanc\u00e9es contre certains lobbies de [&hellip;]<\/p>\n","protected":false},"author":1789,"featured_media":46038,"comment_status":"closed","ping_status":"closed","sticky":false,"template":"","format":"standard","meta":{"fifu_image_url":"","fifu_image_alt":"","footnotes":""},"categories":[73,55],"tags":[],"class_list":["post-46037","post","type-post","status-publish","format-standard","has-post-thumbnail","hentry","category-actualite","category-tunisie"],"_links":{"self":[{"href":"https:\/\/linitiative.ca\/International\/wp-json\/wp\/v2\/posts\/46037","targetHints":{"allow":["GET"]}}],"collection":[{"href":"https:\/\/linitiative.ca\/International\/wp-json\/wp\/v2\/posts"}],"about":[{"href":"https:\/\/linitiative.ca\/International\/wp-json\/wp\/v2\/types\/post"}],"author":[{"embeddable":true,"href":"https:\/\/linitiative.ca\/International\/wp-json\/wp\/v2\/users\/1789"}],"replies":[{"embeddable":true,"href":"https:\/\/linitiative.ca\/International\/wp-json\/wp\/v2\/comments?post=46037"}],"version-history":[{"count":0,"href":"https:\/\/linitiative.ca\/International\/wp-json\/wp\/v2\/posts\/46037\/revisions"}],"wp:featuredmedia":[{"embeddable":true,"href":"https:\/\/linitiative.ca\/International\/wp-json\/"}],"wp:attachment":[{"href":"https:\/\/linitiative.ca\/International\/wp-json\/wp\/v2\/media?parent=46037"}],"wp:term":[{"taxonomy":"category","embeddable":true,"href":"https:\/\/linitiative.ca\/International\/wp-json\/wp\/v2\/categories?post=46037"},{"taxonomy":"post_tag","embeddable":true,"href":"https:\/\/linitiative.ca\/International\/wp-json\/wp\/v2\/tags?post=46037"}],"curies":[{"name":"wp","href":"https:\/\/api.w.org\/{rel}","templated":true}]}}