{"id":46039,"date":"2019-07-13T13:03:27","date_gmt":"2019-07-13T17:03:27","guid":{"rendered":"https:\/\/linitiative.ca\/International\/le-caire-secoue-par-un-seisme\/"},"modified":"2019-07-13T13:03:27","modified_gmt":"2019-07-13T17:03:27","slug":"le-caire-secoue-par-un-seisme","status":"publish","type":"post","link":"https:\/\/linitiative.ca\/International\/le-caire-secoue-par-un-seisme\/","title":{"rendered":"Le Caire secou\u00e9 par un s\u00e9isme"},"content":{"rendered":"<div class=\"post-cont-in left relative\">\n<div class=\"swp_social_panel swp_horizontal_panel swp_flat_fresh swp_default_full_color swp_individual_full_color swp_other_full_color scale-100 scale-\" data-min-width=\"1100\" data-float-color=\"#ffffff\" data-float=\"none\" data-float-mobile=\"none\" data-transition=\"slide\">\n<div class=\"nc_tweetContainer swp_share_button total_shares total_sharesalt\"><span class=\"swp_count\">57 <span class=\"swp_label\">Partages<\/span><\/span><\/div>\n<\/div>\n<p>Le centre \u00e9gyptien de m\u00e9t\u00e9orologie et astronomie a annonc\u00e9 qu\u2019un l\u00e9ger s\u00e9isme d\u2019une magnitude de 2.7 sur l\u2019\u00e9chelle de Richter a secou\u00e9, hier soir peu apr\u00e8s 23 heures, la r\u00e9gion du Caire, sans faire de d\u00e9g\u00e2ts.<\/p>\n<p>La secousse a \u00e9t\u00e9, essentiellement, ressenties par les habitants d\u2019Al Mqtam, d\u2019Al Ma\u00e2di et du nord- est du Caire.<\/p>\n<div class=\"code-block code-block-1 c3\"><ins class=\"adsbygoogle c2\" data-ad-layout=\"in-article\" data-ad-format=\"fluid\" data-ad-client=\"ca-pub-2102118777505746\" data-ad-slot=\"7301775417\"\/> <\/div>\n<div class=\"mvp-org-wrap mvp-org-logo\" itemprop=\"publisher\" itemscope=\"\" itemtype=\"https:\/\/schema.org\/Organization\"><img decoding=\"async\" src=\"https:\/\/www.tunisienumerique.com\/wp-content\/uploads\/2017\/02\/logo_tunisie_numerique.png\"\/><\/div>\n<div class=\"swp_social_panel swp_horizontal_panel swp_flat_fresh swp_default_full_color swp_individual_full_color swp_other_full_color scale-100 scale-\" data-min-width=\"1100\" data-float-color=\"#ffffff\" data-float=\"none\" data-float-mobile=\"none\" data-transition=\"slide\">\n<div class=\"nc_tweetContainer swp_share_button total_shares total_sharesalt\"><span class=\"swp_count\">57 <span class=\"swp_label\">Partages<\/span><\/span><\/div>\n<\/div>\n<div class=\"mvp-related-posts left relative\">\n<h4 class=\"post-header\"><span class=\"post-header\">Lire aussi<\/span><\/h4>\n<\/div>\n<\/div>\n<p>Auteur: LM<br \/>\n<a href=\"https:\/\/www.tunisienumerique.com\/le-caire-secoue-par-un-seisme\/\">Cliquez ici pour lire l&rsquo;article depuis sa source.<\/a><\/p>\n","protected":false},"excerpt":{"rendered":"<p>57 Partages Le centre \u00e9gyptien de m\u00e9t\u00e9orologie et astronomie a annonc\u00e9 qu\u2019un l\u00e9ger s\u00e9isme d\u2019une magnitude de 2.7 sur l\u2019\u00e9chelle de Richter a secou\u00e9, hier soir peu apr\u00e8s 23 heures, la r\u00e9gion du Caire, sans faire de d\u00e9g\u00e2ts. La secousse a \u00e9t\u00e9, essentiellement, ressenties par les habitants d\u2019Al Mqtam, d\u2019Al Ma\u00e2di et du nord- est [&hellip;]<\/p>\n","protected":false},"author":1789,"featured_media":46040,"comment_status":"closed","ping_status":"closed","sticky":false,"template":"","format":"standard","meta":{"fifu_image_url":"","fifu_image_alt":"","footnotes":""},"categories":[73,55],"tags":[],"class_list":["post-46039","post","type-post","status-publish","format-standard","has-post-thumbnail","hentry","category-actualite","category-tunisie"],"_links":{"self":[{"href":"https:\/\/linitiative.ca\/International\/wp-json\/wp\/v2\/posts\/46039","targetHints":{"allow":["GET"]}}],"collection":[{"href":"https:\/\/linitiative.ca\/International\/wp-json\/wp\/v2\/posts"}],"about":[{"href":"https:\/\/linitiative.ca\/International\/wp-json\/wp\/v2\/types\/post"}],"author":[{"embeddable":true,"href":"https:\/\/linitiative.ca\/International\/wp-json\/wp\/v2\/users\/1789"}],"replies":[{"embeddable":true,"href":"https:\/\/linitiative.ca\/International\/wp-json\/wp\/v2\/comments?post=46039"}],"version-history":[{"count":0,"href":"https:\/\/linitiative.ca\/International\/wp-json\/wp\/v2\/posts\/46039\/revisions"}],"wp:featuredmedia":[{"embeddable":true,"href":"https:\/\/linitiative.ca\/International\/wp-json\/"}],"wp:attachment":[{"href":"https:\/\/linitiative.ca\/International\/wp-json\/wp\/v2\/media?parent=46039"}],"wp:term":[{"taxonomy":"category","embeddable":true,"href":"https:\/\/linitiative.ca\/International\/wp-json\/wp\/v2\/categories?post=46039"},{"taxonomy":"post_tag","embeddable":true,"href":"https:\/\/linitiative.ca\/International\/wp-json\/wp\/v2\/tags?post=46039"}],"curies":[{"name":"wp","href":"https:\/\/api.w.org\/{rel}","templated":true}]}}