{"id":46041,"date":"2019-07-13T13:13:24","date_gmt":"2019-07-13T17:13:24","guid":{"rendered":"https:\/\/linitiative.ca\/International\/tunisie-sfax-un-septuagenaire-tue-son-fils-avec-une-barre-de-fer\/"},"modified":"2019-07-13T13:13:24","modified_gmt":"2019-07-13T17:13:24","slug":"tunisie-sfax-un-septuagenaire-tue-son-fils-avec-une-barre-de-fer","status":"publish","type":"post","link":"https:\/\/linitiative.ca\/International\/tunisie-sfax-un-septuagenaire-tue-son-fils-avec-une-barre-de-fer\/","title":{"rendered":"Tunisie \u2013 Sfax\u00a0: Un septuag\u00e9naire tue son fils avec une barre de fer"},"content":{"rendered":"<div class=\"post-cont-in left relative\">\n<div class=\"swp_social_panel swp_horizontal_panel swp_flat_fresh swp_default_full_color swp_individual_full_color swp_other_full_color scale-100 scale-\" data-min-width=\"1100\" data-float-color=\"#ffffff\" data-float=\"none\" data-float-mobile=\"none\" data-transition=\"slide\">\n<div class=\"nc_tweetContainer swp_share_button total_shares total_sharesalt\"><span class=\"swp_count\">25 <span class=\"swp_label\">Partages<\/span><\/span><\/div>\n<\/div>\n<p>La r\u00e9gion de La\u00e2ch\u00e8che proche de Menzel Chaker, dans la r\u00e9gion de Sfax, a \u00e9t\u00e9 secou\u00e9e, hier en fin de soir\u00e9e par un meurtre, hors du commun.<\/p>\n<p>En effet, suite \u00e0 une dispute pour une question d\u2019argent, un septuag\u00e9naire a ass\u00e9n\u00e9 un coup de barre de fer sur la t\u00eate de son fils, \u00e2g\u00e9 de 48 ans, le tuant sur le coup.<\/p>\n<div class=\"code-block code-block-1 c3\"><ins class=\"adsbygoogle c2\" data-ad-layout=\"in-article\" data-ad-format=\"fluid\" data-ad-client=\"ca-pub-2102118777505746\" data-ad-slot=\"7301775417\"\/> <\/div>\n<p>Le p\u00e8re assassin a \u00e9t\u00e9 arr\u00eat\u00e9 pour les besoins de l\u2019enqu\u00eate.<\/p>\n<div class=\"mvp-org-wrap mvp-org-logo\" itemprop=\"publisher\" itemscope=\"\" itemtype=\"https:\/\/schema.org\/Organization\"><img decoding=\"async\" src=\"https:\/\/www.tunisienumerique.com\/wp-content\/uploads\/2017\/02\/logo_tunisie_numerique.png\"\/><\/div>\n<div class=\"swp_social_panel swp_horizontal_panel swp_flat_fresh swp_default_full_color swp_individual_full_color swp_other_full_color scale-100 scale-\" data-min-width=\"1100\" data-float-color=\"#ffffff\" data-float=\"none\" data-float-mobile=\"none\" data-transition=\"slide\">\n<div class=\"nc_tweetContainer swp_share_button total_shares total_sharesalt\"><span class=\"swp_count\">25 <span class=\"swp_label\">Partages<\/span><\/span><\/div>\n<\/div>\n<div class=\"mvp-related-posts left relative\">\n<h4 class=\"post-header\"><span class=\"post-header\">Lire aussi<\/span><\/h4>\n<\/div>\n<\/div>\n<p>Auteur: LM<br \/>\n<a href=\"https:\/\/www.tunisienumerique.com\/tunisie-sfax-un-septuagenaire-tue-son-fils-avec-une-barre-de-fer\/\">Cliquez ici pour lire l&rsquo;article depuis sa source.<\/a><\/p>\n","protected":false},"excerpt":{"rendered":"<p>25 Partages La r\u00e9gion de La\u00e2ch\u00e8che proche de Menzel Chaker, dans la r\u00e9gion de Sfax, a \u00e9t\u00e9 secou\u00e9e, hier en fin de soir\u00e9e par un meurtre, hors du commun. En effet, suite \u00e0 une dispute pour une question d\u2019argent, un septuag\u00e9naire a ass\u00e9n\u00e9 un coup de barre de fer sur la t\u00eate de son fils, [&hellip;]<\/p>\n","protected":false},"author":1789,"featured_media":46042,"comment_status":"closed","ping_status":"closed","sticky":false,"template":"","format":"standard","meta":{"fifu_image_url":"","fifu_image_alt":"","footnotes":""},"categories":[73,55],"tags":[],"class_list":["post-46041","post","type-post","status-publish","format-standard","has-post-thumbnail","hentry","category-actualite","category-tunisie"],"_links":{"self":[{"href":"https:\/\/linitiative.ca\/International\/wp-json\/wp\/v2\/posts\/46041","targetHints":{"allow":["GET"]}}],"collection":[{"href":"https:\/\/linitiative.ca\/International\/wp-json\/wp\/v2\/posts"}],"about":[{"href":"https:\/\/linitiative.ca\/International\/wp-json\/wp\/v2\/types\/post"}],"author":[{"embeddable":true,"href":"https:\/\/linitiative.ca\/International\/wp-json\/wp\/v2\/users\/1789"}],"replies":[{"embeddable":true,"href":"https:\/\/linitiative.ca\/International\/wp-json\/wp\/v2\/comments?post=46041"}],"version-history":[{"count":0,"href":"https:\/\/linitiative.ca\/International\/wp-json\/wp\/v2\/posts\/46041\/revisions"}],"wp:featuredmedia":[{"embeddable":true,"href":"https:\/\/linitiative.ca\/International\/wp-json\/"}],"wp:attachment":[{"href":"https:\/\/linitiative.ca\/International\/wp-json\/wp\/v2\/media?parent=46041"}],"wp:term":[{"taxonomy":"category","embeddable":true,"href":"https:\/\/linitiative.ca\/International\/wp-json\/wp\/v2\/categories?post=46041"},{"taxonomy":"post_tag","embeddable":true,"href":"https:\/\/linitiative.ca\/International\/wp-json\/wp\/v2\/tags?post=46041"}],"curies":[{"name":"wp","href":"https:\/\/api.w.org\/{rel}","templated":true}]}}